{"id":243,"date":"2023-07-10T07:16:57","date_gmt":"2023-07-10T07:16:57","guid":{"rendered":"https:\/\/fpinop.wpia.uw.edu.pl\/?p=243"},"modified":"2023-08-02T18:33:42","modified_gmt":"2023-08-02T16:33:42","slug":"xi-zjazd-mlodych-teoretykow-i-filozofow-prawa-biorac-prawa-podmiotowe-powaznie","status":"publish","type":"post","link":"https:\/\/fpinop.wpia.uw.edu.pl\/index.php\/2023\/07\/10\/xi-zjazd-mlodych-teoretykow-i-filozofow-prawa-biorac-prawa-podmiotowe-powaznie\/","title":{"rendered":"XI Zjazd M\u0142odych Teoretyk\u00f3w i Filozof\u00f3w Prawa \u201eBior\u0105c prawa podmiotowe powa\u017cnie\u201d"},"content":{"rendered":"\n<p class=\"wp-block-paragraph\">Katedra Filozofii Prawa i Nauki o Pa\u0144stwie zaprasza na XI Zjazd M\u0142odych Teoretyk\u00f3w i Filozof\u00f3w Prawa \u201eBior\u0105c prawa podmiotowe powa\u017cnie\u201d, kt\u00f3ry odb\u0119dzie si\u0119 w dniach od 7 do 10 wrze\u015bnia 2023 r. w Europejskim Centrum Edukacji Geologicznej UW w Ch\u0119cinach (Korzecko 1C, 26-060 Ch\u0119ciny).<\/p>\n\n\n\n<p class=\"wp-block-paragraph\"><span style=\"text-decoration: underline;\">Wa\u017cne terminy:<\/span><\/p>\n\n\n\n<p class=\"wp-block-paragraph\">31 lipca 2023 r.&nbsp;&nbsp;\u2013 do tego dnia czekamy na&nbsp;zg\u0142oszenia udzia\u0142u czynnego lub biernego&nbsp;w Zjedzie, kt\u00f3re nale\u017cy nades\u0142a\u0107&nbsp;poprzez udost\u0119pniony poni\u017cej&nbsp;formularz rejestracyjny.<\/p>\n\n\n\n<p class=\"wp-block-paragraph\">14 sierpnia 2023 r. \u2013 do tego dnia nale\u017cy ui\u015bci\u0107 op\u0142at\u0119 konferencyjn\u0105, kt\u00f3ra wynosi&nbsp;550 z\u0142&nbsp;od osoby; uczestnik\u00f3w posiadaj\u0105cych statut&nbsp;student\u00f3w&nbsp;obowi\u0105zuje op\u0142ata obni\u017cona w wysoko\u015bci&nbsp;450 z\u0142&nbsp;od osoby. Dla dwojga student\u00f3w, kt\u00f3rzy zg\u0142osz\u0105 najbardziej interesuj\u0105ce abstrakty referat\u00f3w przewidziane jest&nbsp;zwolnienie z op\u0142aty konferencyjnej.&nbsp;<\/p>\n\n\n\n<p class=\"wp-block-paragraph\">Op\u0142ata obejmuje zakwaterowanie, wy\u017cywienie w czasie Zjazdu oraz transport z Kielc do ECEG UW w dniu 7 wrze\u015bnia 2023 r. i z powrotem w dniu 10 wrze\u015bnia 2023 r.<\/p>\n\n\n\n<p class=\"wp-block-paragraph\">Wp\u0142at prosimy dokonywa\u0107 na rachunek: Wydzia\u0142 Prawa i Administracji Uniwersytetu Warszawskiego 22 1160 2202 0000 0000 6084 8799, koniecznie z dopiskiem w tytule przelewu: Zjazd M\u0142odych Teoretyk\u00f3w i Filozof\u00f3w Prawa 2023<\/p>\n\n\n\n<p class=\"wp-block-paragraph\">7 wrze\u015bnia 2023 r. \u2013 zakwaterowanie uczestnik\u00f3w w Europejskim Centrum Edukacji Geologicznej UW w Ch\u0119cinach<\/p>\n\n\n\n<p class=\"wp-block-paragraph\">8-9 wrze\u015bnia 2023 r. &#8211; obrady Zjazdu (sesja plenarna, sesje r\u00f3wnoleg\u0142e), kt\u00f3re zako\u0144cz\u0105 si\u0119 kolacj\u0105 integracyjn\u0105; plan konferencji przewiduje opuszczenie ECEG UW w Ch\u0119cinach w godzinach przedpo\u0142udniowych 10 wrze\u015bnia 2023 r.<\/p>\n\n\n\n<p class=\"wp-block-paragraph\">Dalsze szczeg\u00f3\u0142y na stronie Zjazdu <a href=\"https:\/\/www.wpia.uw.edu.pl\/pl\/konferencje\/xi-zjazd-mlodych-teoretykow-i-filozofow-prawa\" target=\"_blank\" rel=\"noreferrer noopener\">https:\/\/www.wpia.uw.edu.pl\/pl\/konferencje\/xi-zjazd-mlodych-teoretykow-i-filozofow-prawa<\/a><\/p>\n","protected":false},"excerpt":{"rendered":"<p>Katedra Filozofii Prawa i Nauki o Pa\u0144stwie zaprasza na XI Zjazd M\u0142odych Teoretyk\u00f3w i Filozof\u00f3w Prawa \u201eBior\u0105c prawa podmiotowe powa\u017cnie\u201d, kt\u00f3ry odb\u0119dzie si\u0119 w dniach od 7 do 10 wrze\u015bnia 2023 r. w Europejskim Centrum Edukacji Geologicznej UW w Ch\u0119cinach (Korzecko 1C, 26-060 Ch\u0119ciny). Wa\u017cne terminy: 31 lipca 2023 r.&nbsp;&nbsp;\u2013 do tego dnia czekamy na&nbsp;zg\u0142oszenia [&hellip;]<\/p>\n","protected":false},"author":1,"featured_media":0,"comment_status":"closed","ping_status":"open","sticky":false,"template":"","format":"standard","meta":{"_themeisle_gutenberg_block_has_review":false,"footnotes":""},"categories":[14],"tags":[],"class_list":["post-243","post","type-post","status-publish","format-standard","hentry","category-konferencje"],"yoast_head":"<!-- This site is optimized with the Yoast SEO plugin v20.10 - https:\/\/yoast.com\/wordpress\/plugins\/seo\/ -->\n<title>XI Zjazd M\u0142odych Teoretyk\u00f3w i Filozof\u00f3w Prawa \u201eBior\u0105c prawa podmiotowe powa\u017cnie\u201d - Katedra Filozofii Prawa i Nauki o Pa\u0144stwie<\/title>\n<meta name=\"description\" content=\"Katedra Filozofii Prawa i Nauki o Pa\u0144stwie zaprasza na XI Zjazd M\u0142odych Teoretyk\u00f3w i Filozof\u00f3w Prawa \u201eBior\u0105c prawa podmiotowe powa\u017cnie\u201d, kt\u00f3ry odb\u0119dzie si\u0119 w dniach od 7 do 10 wrze\u015bnia 2023 r. w Europejskim Centrum Edukacji Geologicznej UW w Ch\u0119cinach (Korzecko 1C, 26-060 Ch\u0119ciny).\" \/>\n<meta name=\"robots\" content=\"index, follow, max-snippet:-1, max-image-preview:large, max-video-preview:-1\" \/>\n<link rel=\"canonical\" href=\"https:\/\/fpinop.wpia.uw.edu.pl\/index.php\/2023\/07\/10\/xi-zjazd-mlodych-teoretykow-i-filozofow-prawa-biorac-prawa-podmiotowe-powaznie\/\" \/>\n<meta property=\"og:locale\" content=\"pl_PL\" \/>\n<meta property=\"og:type\" content=\"article\" \/>\n<meta property=\"og:title\" content=\"XI Zjazd M\u0142odych Teoretyk\u00f3w i Filozof\u00f3w Prawa \u201eBior\u0105c prawa podmiotowe powa\u017cnie\u201d - Katedra Filozofii Prawa i Nauki o Pa\u0144stwie\" \/>\n<meta property=\"og:description\" content=\"Katedra Filozofii Prawa i Nauki o Pa\u0144stwie zaprasza na XI Zjazd M\u0142odych Teoretyk\u00f3w i Filozof\u00f3w Prawa \u201eBior\u0105c prawa podmiotowe powa\u017cnie\u201d, kt\u00f3ry odb\u0119dzie si\u0119 w dniach od 7 do 10 wrze\u015bnia 2023 r. w Europejskim Centrum Edukacji Geologicznej UW w Ch\u0119cinach (Korzecko 1C, 26-060 Ch\u0119ciny).\" \/>\n<meta property=\"og:url\" content=\"https:\/\/fpinop.wpia.uw.edu.pl\/index.php\/2023\/07\/10\/xi-zjazd-mlodych-teoretykow-i-filozofow-prawa-biorac-prawa-podmiotowe-powaznie\/\" \/>\n<meta property=\"og:site_name\" content=\"Katedra Filozofii Prawa i Nauki o Pa\u0144stwie\" \/>\n<meta property=\"article:published_time\" content=\"2023-07-10T07:16:57+00:00\" \/>\n<meta property=\"article:modified_time\" content=\"2023-08-02T16:33:42+00:00\" \/>\n<meta name=\"author\" content=\"admin\" \/>\n<meta name=\"twitter:card\" content=\"summary_large_image\" \/>\n<meta name=\"twitter:label1\" content=\"Napisane przez\" \/>\n\t<meta name=\"twitter:data1\" content=\"admin\" \/>\n\t<meta name=\"twitter:label2\" content=\"Szacowany czas czytania\" \/>\n\t<meta name=\"twitter:data2\" content=\"2 minuty\" \/>\n<script type=\"application\/ld+json\" class=\"yoast-schema-graph\">{\"@context\":\"https:\/\/schema.org\",\"@graph\":[{\"@type\":\"Article\",\"@id\":\"https:\/\/fpinop.wpia.uw.edu.pl\/index.php\/2023\/07\/10\/xi-zjazd-mlodych-teoretykow-i-filozofow-prawa-biorac-prawa-podmiotowe-powaznie\/#article\",\"isPartOf\":{\"@id\":\"https:\/\/fpinop.wpia.uw.edu.pl\/index.php\/2023\/07\/10\/xi-zjazd-mlodych-teoretykow-i-filozofow-prawa-biorac-prawa-podmiotowe-powaznie\/\"},\"author\":{\"name\":\"admin\",\"@id\":\"https:\/\/fpinop.wpia.uw.edu.pl\/#\/schema\/person\/2d22612cf75ddb4b492f362c0e342ca7\"},\"headline\":\"XI Zjazd M\u0142odych Teoretyk\u00f3w i Filozof\u00f3w Prawa \u201eBior\u0105c prawa podmiotowe powa\u017cnie\u201d\",\"datePublished\":\"2023-07-10T07:16:57+00:00\",\"dateModified\":\"2023-08-02T16:33:42+00:00\",\"mainEntityOfPage\":{\"@id\":\"https:\/\/fpinop.wpia.uw.edu.pl\/index.php\/2023\/07\/10\/xi-zjazd-mlodych-teoretykow-i-filozofow-prawa-biorac-prawa-podmiotowe-powaznie\/\"},\"wordCount\":294,\"publisher\":{\"@id\":\"https:\/\/fpinop.wpia.uw.edu.pl\/#organization\"},\"articleSection\":[\"Konferencje\"],\"inLanguage\":\"pl-PL\"},{\"@type\":\"WebPage\",\"@id\":\"https:\/\/fpinop.wpia.uw.edu.pl\/index.php\/2023\/07\/10\/xi-zjazd-mlodych-teoretykow-i-filozofow-prawa-biorac-prawa-podmiotowe-powaznie\/\",\"url\":\"https:\/\/fpinop.wpia.uw.edu.pl\/index.php\/2023\/07\/10\/xi-zjazd-mlodych-teoretykow-i-filozofow-prawa-biorac-prawa-podmiotowe-powaznie\/\",\"name\":\"XI Zjazd M\u0142odych Teoretyk\u00f3w i Filozof\u00f3w Prawa \u201eBior\u0105c prawa podmiotowe powa\u017cnie\u201d - Katedra Filozofii Prawa i Nauki o Pa\u0144stwie\",\"isPartOf\":{\"@id\":\"https:\/\/fpinop.wpia.uw.edu.pl\/#website\"},\"datePublished\":\"2023-07-10T07:16:57+00:00\",\"dateModified\":\"2023-08-02T16:33:42+00:00\",\"description\":\"Katedra Filozofii Prawa i Nauki o Pa\u0144stwie zaprasza na XI Zjazd M\u0142odych Teoretyk\u00f3w i Filozof\u00f3w Prawa \u201eBior\u0105c prawa podmiotowe powa\u017cnie\u201d, kt\u00f3ry odb\u0119dzie si\u0119 w dniach od 7 do 10 wrze\u015bnia 2023 r. w Europejskim Centrum Edukacji Geologicznej UW w Ch\u0119cinach (Korzecko 1C, 26-060 Ch\u0119ciny).\",\"breadcrumb\":{\"@id\":\"https:\/\/fpinop.wpia.uw.edu.pl\/index.php\/2023\/07\/10\/xi-zjazd-mlodych-teoretykow-i-filozofow-prawa-biorac-prawa-podmiotowe-powaznie\/#breadcrumb\"},\"inLanguage\":\"pl-PL\",\"potentialAction\":[{\"@type\":\"ReadAction\",\"target\":[\"https:\/\/fpinop.wpia.uw.edu.pl\/index.php\/2023\/07\/10\/xi-zjazd-mlodych-teoretykow-i-filozofow-prawa-biorac-prawa-podmiotowe-powaznie\/\"]}]},{\"@type\":\"BreadcrumbList\",\"@id\":\"https:\/\/fpinop.wpia.uw.edu.pl\/index.php\/2023\/07\/10\/xi-zjazd-mlodych-teoretykow-i-filozofow-prawa-biorac-prawa-podmiotowe-powaznie\/#breadcrumb\",\"itemListElement\":[{\"@type\":\"ListItem\",\"position\":1,\"name\":\"Strona g\u0142\u00f3wna\",\"item\":\"https:\/\/fpinop.wpia.uw.edu.pl\/\"},{\"@type\":\"ListItem\",\"position\":2,\"name\":\"XI Zjazd M\u0142odych Teoretyk\u00f3w i Filozof\u00f3w Prawa \u201eBior\u0105c prawa podmiotowe powa\u017cnie\u201d\"}]},{\"@type\":\"WebSite\",\"@id\":\"https:\/\/fpinop.wpia.uw.edu.pl\/#website\",\"url\":\"https:\/\/fpinop.wpia.uw.edu.pl\/\",\"name\":\"Katedra Filozofii Prawa i Nauki o Pa\u0144stwie\",\"description\":\"\",\"publisher\":{\"@id\":\"https:\/\/fpinop.wpia.uw.edu.pl\/#organization\"},\"potentialAction\":[{\"@type\":\"SearchAction\",\"target\":{\"@type\":\"EntryPoint\",\"urlTemplate\":\"https:\/\/fpinop.wpia.uw.edu.pl\/?s={search_term_string}\"},\"query-input\":\"required name=search_term_string\"}],\"inLanguage\":\"pl-PL\"},{\"@type\":\"Organization\",\"@id\":\"https:\/\/fpinop.wpia.uw.edu.pl\/#organization\",\"name\":\"Katedra Filozofii Prawa i Nauki o Pa\u0144stwie\",\"url\":\"https:\/\/fpinop.wpia.uw.edu.pl\/\",\"logo\":{\"@type\":\"ImageObject\",\"inLanguage\":\"pl-PL\",\"@id\":\"https:\/\/fpinop.wpia.uw.edu.pl\/#\/schema\/logo\/image\/\",\"url\":\"https:\/\/fpinop.wpia.uw.edu.pl\/wp-content\/uploads\/2025\/05\/cropped-Projekt-bez-nazwy.png\",\"contentUrl\":\"https:\/\/fpinop.wpia.uw.edu.pl\/wp-content\/uploads\/2025\/05\/cropped-Projekt-bez-nazwy.png\",\"width\":450,\"height\":227,\"caption\":\"Katedra Filozofii Prawa i Nauki o Pa\u0144stwie\"},\"image\":{\"@id\":\"https:\/\/fpinop.wpia.uw.edu.pl\/#\/schema\/logo\/image\/\"}},{\"@type\":\"Person\",\"@id\":\"https:\/\/fpinop.wpia.uw.edu.pl\/#\/schema\/person\/2d22612cf75ddb4b492f362c0e342ca7\",\"name\":\"admin\",\"image\":{\"@type\":\"ImageObject\",\"inLanguage\":\"pl-PL\",\"@id\":\"https:\/\/fpinop.wpia.uw.edu.pl\/#\/schema\/person\/image\/\",\"url\":\"https:\/\/secure.gravatar.com\/avatar\/119dc6e2073baacc4c555c4168f9e78577c07de81bf4020b1063e3830d44bb05?s=96&d=mm&r=g\",\"contentUrl\":\"https:\/\/secure.gravatar.com\/avatar\/119dc6e2073baacc4c555c4168f9e78577c07de81bf4020b1063e3830d44bb05?s=96&d=mm&r=g\",\"caption\":\"admin\"},\"sameAs\":[\"https:\/\/fpinop.wpia.uw.edu.pl\"],\"url\":\"https:\/\/fpinop.wpia.uw.edu.pl\/index.php\/author\/admin_s8pq23yb\/\"}]}<\/script>\n<!-- \/ Yoast SEO plugin. -->","yoast_head_json":{"title":"XI Zjazd M\u0142odych Teoretyk\u00f3w i Filozof\u00f3w Prawa \u201eBior\u0105c prawa podmiotowe powa\u017cnie\u201d - Katedra Filozofii Prawa i Nauki o Pa\u0144stwie","description":"Katedra Filozofii Prawa i Nauki o Pa\u0144stwie zaprasza na XI Zjazd M\u0142odych Teoretyk\u00f3w i Filozof\u00f3w Prawa \u201eBior\u0105c prawa podmiotowe powa\u017cnie\u201d, kt\u00f3ry odb\u0119dzie si\u0119 w dniach od 7 do 10 wrze\u015bnia 2023 r. w Europejskim Centrum Edukacji Geologicznej UW w Ch\u0119cinach (Korzecko 1C, 26-060 Ch\u0119ciny).","robots":{"index":"index","follow":"follow","max-snippet":"max-snippet:-1","max-image-preview":"max-image-preview:large","max-video-preview":"max-video-preview:-1"},"canonical":"https:\/\/fpinop.wpia.uw.edu.pl\/index.php\/2023\/07\/10\/xi-zjazd-mlodych-teoretykow-i-filozofow-prawa-biorac-prawa-podmiotowe-powaznie\/","og_locale":"pl_PL","og_type":"article","og_title":"XI Zjazd M\u0142odych Teoretyk\u00f3w i Filozof\u00f3w Prawa \u201eBior\u0105c prawa podmiotowe powa\u017cnie\u201d - Katedra Filozofii Prawa i Nauki o Pa\u0144stwie","og_description":"Katedra Filozofii Prawa i Nauki o Pa\u0144stwie zaprasza na XI Zjazd M\u0142odych Teoretyk\u00f3w i Filozof\u00f3w Prawa \u201eBior\u0105c prawa podmiotowe powa\u017cnie\u201d, kt\u00f3ry odb\u0119dzie si\u0119 w dniach od 7 do 10 wrze\u015bnia 2023 r. w Europejskim Centrum Edukacji Geologicznej UW w Ch\u0119cinach (Korzecko 1C, 26-060 Ch\u0119ciny).","og_url":"https:\/\/fpinop.wpia.uw.edu.pl\/index.php\/2023\/07\/10\/xi-zjazd-mlodych-teoretykow-i-filozofow-prawa-biorac-prawa-podmiotowe-powaznie\/","og_site_name":"Katedra Filozofii Prawa i Nauki o Pa\u0144stwie","article_published_time":"2023-07-10T07:16:57+00:00","article_modified_time":"2023-08-02T16:33:42+00:00","author":"admin","twitter_card":"summary_large_image","twitter_misc":{"Napisane przez":"admin","Szacowany czas czytania":"2 minuty"},"schema":{"@context":"https:\/\/schema.org","@graph":[{"@type":"Article","@id":"https:\/\/fpinop.wpia.uw.edu.pl\/index.php\/2023\/07\/10\/xi-zjazd-mlodych-teoretykow-i-filozofow-prawa-biorac-prawa-podmiotowe-powaznie\/#article","isPartOf":{"@id":"https:\/\/fpinop.wpia.uw.edu.pl\/index.php\/2023\/07\/10\/xi-zjazd-mlodych-teoretykow-i-filozofow-prawa-biorac-prawa-podmiotowe-powaznie\/"},"author":{"name":"admin","@id":"https:\/\/fpinop.wpia.uw.edu.pl\/#\/schema\/person\/2d22612cf75ddb4b492f362c0e342ca7"},"headline":"XI Zjazd M\u0142odych Teoretyk\u00f3w i Filozof\u00f3w Prawa \u201eBior\u0105c prawa podmiotowe powa\u017cnie\u201d","datePublished":"2023-07-10T07:16:57+00:00","dateModified":"2023-08-02T16:33:42+00:00","mainEntityOfPage":{"@id":"https:\/\/fpinop.wpia.uw.edu.pl\/index.php\/2023\/07\/10\/xi-zjazd-mlodych-teoretykow-i-filozofow-prawa-biorac-prawa-podmiotowe-powaznie\/"},"wordCount":294,"publisher":{"@id":"https:\/\/fpinop.wpia.uw.edu.pl\/#organization"},"articleSection":["Konferencje"],"inLanguage":"pl-PL"},{"@type":"WebPage","@id":"https:\/\/fpinop.wpia.uw.edu.pl\/index.php\/2023\/07\/10\/xi-zjazd-mlodych-teoretykow-i-filozofow-prawa-biorac-prawa-podmiotowe-powaznie\/","url":"https:\/\/fpinop.wpia.uw.edu.pl\/index.php\/2023\/07\/10\/xi-zjazd-mlodych-teoretykow-i-filozofow-prawa-biorac-prawa-podmiotowe-powaznie\/","name":"XI Zjazd M\u0142odych Teoretyk\u00f3w i Filozof\u00f3w Prawa \u201eBior\u0105c prawa podmiotowe powa\u017cnie\u201d - Katedra Filozofii Prawa i Nauki o Pa\u0144stwie","isPartOf":{"@id":"https:\/\/fpinop.wpia.uw.edu.pl\/#website"},"datePublished":"2023-07-10T07:16:57+00:00","dateModified":"2023-08-02T16:33:42+00:00","description":"Katedra Filozofii Prawa i Nauki o Pa\u0144stwie zaprasza na XI Zjazd M\u0142odych Teoretyk\u00f3w i Filozof\u00f3w Prawa \u201eBior\u0105c prawa podmiotowe powa\u017cnie\u201d, kt\u00f3ry odb\u0119dzie si\u0119 w dniach od 7 do 10 wrze\u015bnia 2023 r. w Europejskim Centrum Edukacji Geologicznej UW w Ch\u0119cinach (Korzecko 1C, 26-060 Ch\u0119ciny).","breadcrumb":{"@id":"https:\/\/fpinop.wpia.uw.edu.pl\/index.php\/2023\/07\/10\/xi-zjazd-mlodych-teoretykow-i-filozofow-prawa-biorac-prawa-podmiotowe-powaznie\/#breadcrumb"},"inLanguage":"pl-PL","potentialAction":[{"@type":"ReadAction","target":["https:\/\/fpinop.wpia.uw.edu.pl\/index.php\/2023\/07\/10\/xi-zjazd-mlodych-teoretykow-i-filozofow-prawa-biorac-prawa-podmiotowe-powaznie\/"]}]},{"@type":"BreadcrumbList","@id":"https:\/\/fpinop.wpia.uw.edu.pl\/index.php\/2023\/07\/10\/xi-zjazd-mlodych-teoretykow-i-filozofow-prawa-biorac-prawa-podmiotowe-powaznie\/#breadcrumb","itemListElement":[{"@type":"ListItem","position":1,"name":"Strona g\u0142\u00f3wna","item":"https:\/\/fpinop.wpia.uw.edu.pl\/"},{"@type":"ListItem","position":2,"name":"XI Zjazd M\u0142odych Teoretyk\u00f3w i Filozof\u00f3w Prawa \u201eBior\u0105c prawa podmiotowe powa\u017cnie\u201d"}]},{"@type":"WebSite","@id":"https:\/\/fpinop.wpia.uw.edu.pl\/#website","url":"https:\/\/fpinop.wpia.uw.edu.pl\/","name":"Katedra Filozofii Prawa i Nauki o Pa\u0144stwie","description":"","publisher":{"@id":"https:\/\/fpinop.wpia.uw.edu.pl\/#organization"},"potentialAction":[{"@type":"SearchAction","target":{"@type":"EntryPoint","urlTemplate":"https:\/\/fpinop.wpia.uw.edu.pl\/?s={search_term_string}"},"query-input":"required name=search_term_string"}],"inLanguage":"pl-PL"},{"@type":"Organization","@id":"https:\/\/fpinop.wpia.uw.edu.pl\/#organization","name":"Katedra Filozofii Prawa i Nauki o Pa\u0144stwie","url":"https:\/\/fpinop.wpia.uw.edu.pl\/","logo":{"@type":"ImageObject","inLanguage":"pl-PL","@id":"https:\/\/fpinop.wpia.uw.edu.pl\/#\/schema\/logo\/image\/","url":"https:\/\/fpinop.wpia.uw.edu.pl\/wp-content\/uploads\/2025\/05\/cropped-Projekt-bez-nazwy.png","contentUrl":"https:\/\/fpinop.wpia.uw.edu.pl\/wp-content\/uploads\/2025\/05\/cropped-Projekt-bez-nazwy.png","width":450,"height":227,"caption":"Katedra Filozofii Prawa i Nauki o Pa\u0144stwie"},"image":{"@id":"https:\/\/fpinop.wpia.uw.edu.pl\/#\/schema\/logo\/image\/"}},{"@type":"Person","@id":"https:\/\/fpinop.wpia.uw.edu.pl\/#\/schema\/person\/2d22612cf75ddb4b492f362c0e342ca7","name":"admin","image":{"@type":"ImageObject","inLanguage":"pl-PL","@id":"https:\/\/fpinop.wpia.uw.edu.pl\/#\/schema\/person\/image\/","url":"https:\/\/secure.gravatar.com\/avatar\/119dc6e2073baacc4c555c4168f9e78577c07de81bf4020b1063e3830d44bb05?s=96&d=mm&r=g","contentUrl":"https:\/\/secure.gravatar.com\/avatar\/119dc6e2073baacc4c555c4168f9e78577c07de81bf4020b1063e3830d44bb05?s=96&d=mm&r=g","caption":"admin"},"sameAs":["https:\/\/fpinop.wpia.uw.edu.pl"],"url":"https:\/\/fpinop.wpia.uw.edu.pl\/index.php\/author\/admin_s8pq23yb\/"}]}},"jetpack_featured_media_url":"","_links":{"self":[{"href":"https:\/\/fpinop.wpia.uw.edu.pl\/index.php\/wp-json\/wp\/v2\/posts\/243","targetHints":{"allow":["GET"]}}],"collection":[{"href":"https:\/\/fpinop.wpia.uw.edu.pl\/index.php\/wp-json\/wp\/v2\/posts"}],"about":[{"href":"https:\/\/fpinop.wpia.uw.edu.pl\/index.php\/wp-json\/wp\/v2\/types\/post"}],"author":[{"embeddable":true,"href":"https:\/\/fpinop.wpia.uw.edu.pl\/index.php\/wp-json\/wp\/v2\/users\/1"}],"replies":[{"embeddable":true,"href":"https:\/\/fpinop.wpia.uw.edu.pl\/index.php\/wp-json\/wp\/v2\/comments?post=243"}],"version-history":[{"count":5,"href":"https:\/\/fpinop.wpia.uw.edu.pl\/index.php\/wp-json\/wp\/v2\/posts\/243\/revisions"}],"predecessor-version":[{"id":451,"href":"https:\/\/fpinop.wpia.uw.edu.pl\/index.php\/wp-json\/wp\/v2\/posts\/243\/revisions\/451"}],"wp:attachment":[{"href":"https:\/\/fpinop.wpia.uw.edu.pl\/index.php\/wp-json\/wp\/v2\/media?parent=243"}],"wp:term":[{"taxonomy":"category","embeddable":true,"href":"https:\/\/fpinop.wpia.uw.edu.pl\/index.php\/wp-json\/wp\/v2\/categories?post=243"},{"taxonomy":"post_tag","embeddable":true,"href":"https:\/\/fpinop.wpia.uw.edu.pl\/index.php\/wp-json\/wp\/v2\/tags?post=243"}],"curies":[{"name":"wp","href":"https:\/\/api.w.org\/{rel}","templated":true}]}}