{"id":669,"date":"2024-02-09T22:04:59","date_gmt":"2024-02-09T21:04:59","guid":{"rendered":"https:\/\/fpinop.wpia.uw.edu.pl\/?p=669"},"modified":"2024-02-09T22:22:39","modified_gmt":"2024-02-09T21:22:39","slug":"zebranie-naukowe-dr-p-skuczynski-konstytucyjna-ontologia-spoleczna","status":"publish","type":"post","link":"https:\/\/fpinop.wpia.uw.edu.pl\/index.php\/2024\/02\/09\/zebranie-naukowe-dr-p-skuczynski-konstytucyjna-ontologia-spoleczna\/","title":{"rendered":"ZEBRANIE naukowe &#8211; dr P. SKuczy\u0144ski &#8222;Konstytucyjna ontologia spo\u0142eczna&#8221;"},"content":{"rendered":"\n<div class=\"wp-block-media-text is-stacked-on-mobile is-vertically-aligned-top\"><figure class=\"wp-block-media-text__media\"><img loading=\"lazy\" decoding=\"async\" width=\"940\" height=\"788\" src=\"https:\/\/fpinop.wpia.uw.edu.pl\/wp-content\/uploads\/2024\/02\/Wpis-na-Facebooku-zebrania-20231.png\" alt=\"\" class=\"wp-image-670 size-full\" srcset=\"https:\/\/fpinop.wpia.uw.edu.pl\/wp-content\/uploads\/2024\/02\/Wpis-na-Facebooku-zebrania-20231.png 940w, https:\/\/fpinop.wpia.uw.edu.pl\/wp-content\/uploads\/2024\/02\/Wpis-na-Facebooku-zebrania-20231-300x251.png 300w, https:\/\/fpinop.wpia.uw.edu.pl\/wp-content\/uploads\/2024\/02\/Wpis-na-Facebooku-zebrania-20231-768x644.png 768w, https:\/\/fpinop.wpia.uw.edu.pl\/wp-content\/uploads\/2024\/02\/Wpis-na-Facebooku-zebrania-20231-14x12.png 14w\" sizes=\"auto, (max-width: 940px) 100vw, 940px\" \/><\/figure><div class=\"wp-block-media-text__content\">\n<p class=\"wp-block-paragraph\">22 lutego w godz. 18:30-20:00 (NB! zmiana godziny!) odb\u0119dzie si\u0119 kolejne otwarte zebranie naukowe Katedry, na kt\u00f3rym dr Pawe\u0142 Skuczy\u0144ski przedstawi referat pt &#8222;Konstytucyjna ontologia spo\u0142eczna&#8221;. B\u0119dzie to wi\u0119c kolejne spotkanie Katedry, na kt\u00f3rym b\u0119dziemy dyskutowa\u0107 o teoretycznych, filozoficznych i spo\u0142ecznych podstawach ustroju.<\/p>\n\n\n\n<p class=\"wp-block-paragraph\">Spotkanie odb\u0119dzie si\u0119 w trybie hybrydowym: stacjonarnie i online (<a href=\"http:\/\/Zebranie naukowe Katedry - dr P. Skuczy\u0144ski - &quot;Konstytucyjna ontologia spo\u0142eczna&quot; Czwartek, 22 lutego \u00b7 6:30\u20138:00pm Strefa czasowa: Europe\/Warsaw Informacje dla uczestnik\u00f3w rozmowy w Google Meet Link do rozmowy wideo: https:\/\/meet.google.com\/skg-dnrc-uco\">link do spotkania<\/a>)<\/p>\n<\/div><\/div>\n\n\n\n<p class=\"wp-block-paragraph\"><\/p>\n","protected":false},"excerpt":{"rendered":"<p>22 lutego w godz. 18:30-20:00 (NB! zmiana godziny!) odb\u0119dzie si\u0119 kolejne otwarte zebranie naukowe Katedry, na kt\u00f3rym dr Pawe\u0142 Skuczy\u0144ski przedstawi referat pt &#8222;Konstytucyjna ontologia spo\u0142eczna&#8221;. B\u0119dzie to wi\u0119c kolejne spotkanie Katedry, na kt\u00f3rym b\u0119dziemy dyskutowa\u0107 o teoretycznych, filozoficznych i spo\u0142ecznych podstawach ustroju. Spotkanie odb\u0119dzie si\u0119 w trybie hybrydowym: stacjonarnie i online (link do spotkania)<\/p>\n","protected":false},"author":6,"featured_media":0,"comment_status":"closed","ping_status":"open","sticky":false,"template":"","format":"standard","meta":{"_themeisle_gutenberg_block_has_review":false,"footnotes":""},"categories":[57],"tags":[74,75,30],"class_list":["post-669","post","type-post","status-publish","format-standard","hentry","category-seminarium","tag-konstytucja","tag-ontologia-spoleczna","tag-skuczynski-pawel"],"yoast_head":"<!-- This site is optimized with the Yoast SEO plugin v20.10 - https:\/\/yoast.com\/wordpress\/plugins\/seo\/ -->\n<title>ZEBRANIE naukowe - dr P. SKuczy\u0144ski &quot;Konstytucyjna ontologia spo\u0142eczna&quot; - Katedra Filozofii Prawa i Nauki o Pa\u0144stwie<\/title>\n<meta name=\"robots\" content=\"index, follow, max-snippet:-1, max-image-preview:large, max-video-preview:-1\" \/>\n<link rel=\"canonical\" href=\"https:\/\/fpinop.wpia.uw.edu.pl\/index.php\/2024\/02\/09\/zebranie-naukowe-dr-p-skuczynski-konstytucyjna-ontologia-spoleczna\/\" \/>\n<meta property=\"og:locale\" content=\"pl_PL\" \/>\n<meta property=\"og:type\" content=\"article\" \/>\n<meta property=\"og:title\" content=\"ZEBRANIE naukowe - dr P. SKuczy\u0144ski &quot;Konstytucyjna ontologia spo\u0142eczna&quot; - Katedra Filozofii Prawa i Nauki o Pa\u0144stwie\" \/>\n<meta property=\"og:description\" content=\"22 lutego w godz. 18:30-20:00 (NB! zmiana godziny!) odb\u0119dzie si\u0119 kolejne otwarte zebranie naukowe Katedry, na kt\u00f3rym dr Pawe\u0142 Skuczy\u0144ski przedstawi referat pt &#8222;Konstytucyjna ontologia spo\u0142eczna&#8221;. B\u0119dzie to wi\u0119c kolejne spotkanie Katedry, na kt\u00f3rym b\u0119dziemy dyskutowa\u0107 o teoretycznych, filozoficznych i spo\u0142ecznych podstawach ustroju. Spotkanie odb\u0119dzie si\u0119 w trybie hybrydowym: stacjonarnie i online (link do spotkania)\" \/>\n<meta property=\"og:url\" content=\"https:\/\/fpinop.wpia.uw.edu.pl\/index.php\/2024\/02\/09\/zebranie-naukowe-dr-p-skuczynski-konstytucyjna-ontologia-spoleczna\/\" \/>\n<meta property=\"og:site_name\" content=\"Katedra Filozofii Prawa i Nauki o Pa\u0144stwie\" \/>\n<meta property=\"article:published_time\" content=\"2024-02-09T21:04:59+00:00\" \/>\n<meta property=\"article:modified_time\" content=\"2024-02-09T21:22:39+00:00\" \/>\n<meta property=\"og:image\" content=\"https:\/\/fpinop.wpia.uw.edu.pl\/wp-content\/uploads\/2024\/02\/Wpis-na-Facebooku-zebrania-20231.png\" \/>\n<meta name=\"author\" content=\"Maciej Kruk\" \/>\n<meta name=\"twitter:card\" content=\"summary_large_image\" \/>\n<meta name=\"twitter:label1\" content=\"Napisane przez\" \/>\n\t<meta name=\"twitter:data1\" content=\"Maciej Kruk\" \/>\n\t<meta name=\"twitter:label2\" content=\"Szacowany czas czytania\" \/>\n\t<meta name=\"twitter:data2\" content=\"1 minuta\" \/>\n<script type=\"application\/ld+json\" class=\"yoast-schema-graph\">{\"@context\":\"https:\/\/schema.org\",\"@graph\":[{\"@type\":\"Article\",\"@id\":\"https:\/\/fpinop.wpia.uw.edu.pl\/index.php\/2024\/02\/09\/zebranie-naukowe-dr-p-skuczynski-konstytucyjna-ontologia-spoleczna\/#article\",\"isPartOf\":{\"@id\":\"https:\/\/fpinop.wpia.uw.edu.pl\/index.php\/2024\/02\/09\/zebranie-naukowe-dr-p-skuczynski-konstytucyjna-ontologia-spoleczna\/\"},\"author\":{\"name\":\"Maciej Kruk\",\"@id\":\"https:\/\/fpinop.wpia.uw.edu.pl\/#\/schema\/person\/b43097ffd842ce24fa1abecb82b2f583\"},\"headline\":\"ZEBRANIE naukowe &#8211; dr P. SKuczy\u0144ski &#8222;Konstytucyjna ontologia spo\u0142eczna&#8221;\",\"datePublished\":\"2024-02-09T21:04:59+00:00\",\"dateModified\":\"2024-02-09T21:22:39+00:00\",\"mainEntityOfPage\":{\"@id\":\"https:\/\/fpinop.wpia.uw.edu.pl\/index.php\/2024\/02\/09\/zebranie-naukowe-dr-p-skuczynski-konstytucyjna-ontologia-spoleczna\/\"},\"wordCount\":75,\"publisher\":{\"@id\":\"https:\/\/fpinop.wpia.uw.edu.pl\/#organization\"},\"keywords\":[\"Konstytucja\",\"ontologia spo\u0142eczna\",\"Skuczy\u0144ski Pawe\u0142\"],\"articleSection\":[\"Seminarium\"],\"inLanguage\":\"pl-PL\"},{\"@type\":\"WebPage\",\"@id\":\"https:\/\/fpinop.wpia.uw.edu.pl\/index.php\/2024\/02\/09\/zebranie-naukowe-dr-p-skuczynski-konstytucyjna-ontologia-spoleczna\/\",\"url\":\"https:\/\/fpinop.wpia.uw.edu.pl\/index.php\/2024\/02\/09\/zebranie-naukowe-dr-p-skuczynski-konstytucyjna-ontologia-spoleczna\/\",\"name\":\"ZEBRANIE naukowe - dr P. SKuczy\u0144ski \\\"Konstytucyjna ontologia spo\u0142eczna\\\" - Katedra Filozofii Prawa i Nauki o Pa\u0144stwie\",\"isPartOf\":{\"@id\":\"https:\/\/fpinop.wpia.uw.edu.pl\/#website\"},\"datePublished\":\"2024-02-09T21:04:59+00:00\",\"dateModified\":\"2024-02-09T21:22:39+00:00\",\"breadcrumb\":{\"@id\":\"https:\/\/fpinop.wpia.uw.edu.pl\/index.php\/2024\/02\/09\/zebranie-naukowe-dr-p-skuczynski-konstytucyjna-ontologia-spoleczna\/#breadcrumb\"},\"inLanguage\":\"pl-PL\",\"potentialAction\":[{\"@type\":\"ReadAction\",\"target\":[\"https:\/\/fpinop.wpia.uw.edu.pl\/index.php\/2024\/02\/09\/zebranie-naukowe-dr-p-skuczynski-konstytucyjna-ontologia-spoleczna\/\"]}]},{\"@type\":\"BreadcrumbList\",\"@id\":\"https:\/\/fpinop.wpia.uw.edu.pl\/index.php\/2024\/02\/09\/zebranie-naukowe-dr-p-skuczynski-konstytucyjna-ontologia-spoleczna\/#breadcrumb\",\"itemListElement\":[{\"@type\":\"ListItem\",\"position\":1,\"name\":\"Strona g\u0142\u00f3wna\",\"item\":\"https:\/\/fpinop.wpia.uw.edu.pl\/\"},{\"@type\":\"ListItem\",\"position\":2,\"name\":\"ZEBRANIE naukowe &#8211; dr P. SKuczy\u0144ski &#8220;Konstytucyjna ontologia spo\u0142eczna&#8221;\"}]},{\"@type\":\"WebSite\",\"@id\":\"https:\/\/fpinop.wpia.uw.edu.pl\/#website\",\"url\":\"https:\/\/fpinop.wpia.uw.edu.pl\/\",\"name\":\"Katedra Filozofii Prawa i Nauki o Pa\u0144stwie\",\"description\":\"\",\"publisher\":{\"@id\":\"https:\/\/fpinop.wpia.uw.edu.pl\/#organization\"},\"potentialAction\":[{\"@type\":\"SearchAction\",\"target\":{\"@type\":\"EntryPoint\",\"urlTemplate\":\"https:\/\/fpinop.wpia.uw.edu.pl\/?s={search_term_string}\"},\"query-input\":\"required name=search_term_string\"}],\"inLanguage\":\"pl-PL\"},{\"@type\":\"Organization\",\"@id\":\"https:\/\/fpinop.wpia.uw.edu.pl\/#organization\",\"name\":\"Katedra Filozofii Prawa i Nauki o Pa\u0144stwie\",\"url\":\"https:\/\/fpinop.wpia.uw.edu.pl\/\",\"logo\":{\"@type\":\"ImageObject\",\"inLanguage\":\"pl-PL\",\"@id\":\"https:\/\/fpinop.wpia.uw.edu.pl\/#\/schema\/logo\/image\/\",\"url\":\"https:\/\/fpinop.wpia.uw.edu.pl\/wp-content\/uploads\/2025\/05\/cropped-Projekt-bez-nazwy.png\",\"contentUrl\":\"https:\/\/fpinop.wpia.uw.edu.pl\/wp-content\/uploads\/2025\/05\/cropped-Projekt-bez-nazwy.png\",\"width\":450,\"height\":227,\"caption\":\"Katedra Filozofii Prawa i Nauki o Pa\u0144stwie\"},\"image\":{\"@id\":\"https:\/\/fpinop.wpia.uw.edu.pl\/#\/schema\/logo\/image\/\"}},{\"@type\":\"Person\",\"@id\":\"https:\/\/fpinop.wpia.uw.edu.pl\/#\/schema\/person\/b43097ffd842ce24fa1abecb82b2f583\",\"name\":\"Maciej Kruk\",\"image\":{\"@type\":\"ImageObject\",\"inLanguage\":\"pl-PL\",\"@id\":\"https:\/\/fpinop.wpia.uw.edu.pl\/#\/schema\/person\/image\/\",\"url\":\"https:\/\/secure.gravatar.com\/avatar\/0ff1b27a9da7ca3a7020669cb661194e6cfb1f712f6ca284f4e9fce0c5bf530e?s=96&d=mm&r=g\",\"contentUrl\":\"https:\/\/secure.gravatar.com\/avatar\/0ff1b27a9da7ca3a7020669cb661194e6cfb1f712f6ca284f4e9fce0c5bf530e?s=96&d=mm&r=g\",\"caption\":\"Maciej Kruk\"},\"url\":\"https:\/\/fpinop.wpia.uw.edu.pl\/index.php\/author\/redaktor5\/\"}]}<\/script>\n<!-- \/ Yoast SEO plugin. -->","yoast_head_json":{"title":"ZEBRANIE naukowe - dr P. SKuczy\u0144ski \"Konstytucyjna ontologia spo\u0142eczna\" - Katedra Filozofii Prawa i Nauki o Pa\u0144stwie","robots":{"index":"index","follow":"follow","max-snippet":"max-snippet:-1","max-image-preview":"max-image-preview:large","max-video-preview":"max-video-preview:-1"},"canonical":"https:\/\/fpinop.wpia.uw.edu.pl\/index.php\/2024\/02\/09\/zebranie-naukowe-dr-p-skuczynski-konstytucyjna-ontologia-spoleczna\/","og_locale":"pl_PL","og_type":"article","og_title":"ZEBRANIE naukowe - dr P. SKuczy\u0144ski \"Konstytucyjna ontologia spo\u0142eczna\" - Katedra Filozofii Prawa i Nauki o Pa\u0144stwie","og_description":"22 lutego w godz. 18:30-20:00 (NB! zmiana godziny!) odb\u0119dzie si\u0119 kolejne otwarte zebranie naukowe Katedry, na kt\u00f3rym dr Pawe\u0142 Skuczy\u0144ski przedstawi referat pt &#8222;Konstytucyjna ontologia spo\u0142eczna&#8221;. B\u0119dzie to wi\u0119c kolejne spotkanie Katedry, na kt\u00f3rym b\u0119dziemy dyskutowa\u0107 o teoretycznych, filozoficznych i spo\u0142ecznych podstawach ustroju. Spotkanie odb\u0119dzie si\u0119 w trybie hybrydowym: stacjonarnie i online (link do spotkania)","og_url":"https:\/\/fpinop.wpia.uw.edu.pl\/index.php\/2024\/02\/09\/zebranie-naukowe-dr-p-skuczynski-konstytucyjna-ontologia-spoleczna\/","og_site_name":"Katedra Filozofii Prawa i Nauki o Pa\u0144stwie","article_published_time":"2024-02-09T21:04:59+00:00","article_modified_time":"2024-02-09T21:22:39+00:00","og_image":[{"url":"https:\/\/fpinop.wpia.uw.edu.pl\/wp-content\/uploads\/2024\/02\/Wpis-na-Facebooku-zebrania-20231.png"}],"author":"Maciej Kruk","twitter_card":"summary_large_image","twitter_misc":{"Napisane przez":"Maciej Kruk","Szacowany czas czytania":"1 minuta"},"schema":{"@context":"https:\/\/schema.org","@graph":[{"@type":"Article","@id":"https:\/\/fpinop.wpia.uw.edu.pl\/index.php\/2024\/02\/09\/zebranie-naukowe-dr-p-skuczynski-konstytucyjna-ontologia-spoleczna\/#article","isPartOf":{"@id":"https:\/\/fpinop.wpia.uw.edu.pl\/index.php\/2024\/02\/09\/zebranie-naukowe-dr-p-skuczynski-konstytucyjna-ontologia-spoleczna\/"},"author":{"name":"Maciej Kruk","@id":"https:\/\/fpinop.wpia.uw.edu.pl\/#\/schema\/person\/b43097ffd842ce24fa1abecb82b2f583"},"headline":"ZEBRANIE naukowe &#8211; dr P. SKuczy\u0144ski &#8222;Konstytucyjna ontologia spo\u0142eczna&#8221;","datePublished":"2024-02-09T21:04:59+00:00","dateModified":"2024-02-09T21:22:39+00:00","mainEntityOfPage":{"@id":"https:\/\/fpinop.wpia.uw.edu.pl\/index.php\/2024\/02\/09\/zebranie-naukowe-dr-p-skuczynski-konstytucyjna-ontologia-spoleczna\/"},"wordCount":75,"publisher":{"@id":"https:\/\/fpinop.wpia.uw.edu.pl\/#organization"},"keywords":["Konstytucja","ontologia spo\u0142eczna","Skuczy\u0144ski Pawe\u0142"],"articleSection":["Seminarium"],"inLanguage":"pl-PL"},{"@type":"WebPage","@id":"https:\/\/fpinop.wpia.uw.edu.pl\/index.php\/2024\/02\/09\/zebranie-naukowe-dr-p-skuczynski-konstytucyjna-ontologia-spoleczna\/","url":"https:\/\/fpinop.wpia.uw.edu.pl\/index.php\/2024\/02\/09\/zebranie-naukowe-dr-p-skuczynski-konstytucyjna-ontologia-spoleczna\/","name":"ZEBRANIE naukowe - dr P. SKuczy\u0144ski \"Konstytucyjna ontologia spo\u0142eczna\" - Katedra Filozofii Prawa i Nauki o Pa\u0144stwie","isPartOf":{"@id":"https:\/\/fpinop.wpia.uw.edu.pl\/#website"},"datePublished":"2024-02-09T21:04:59+00:00","dateModified":"2024-02-09T21:22:39+00:00","breadcrumb":{"@id":"https:\/\/fpinop.wpia.uw.edu.pl\/index.php\/2024\/02\/09\/zebranie-naukowe-dr-p-skuczynski-konstytucyjna-ontologia-spoleczna\/#breadcrumb"},"inLanguage":"pl-PL","potentialAction":[{"@type":"ReadAction","target":["https:\/\/fpinop.wpia.uw.edu.pl\/index.php\/2024\/02\/09\/zebranie-naukowe-dr-p-skuczynski-konstytucyjna-ontologia-spoleczna\/"]}]},{"@type":"BreadcrumbList","@id":"https:\/\/fpinop.wpia.uw.edu.pl\/index.php\/2024\/02\/09\/zebranie-naukowe-dr-p-skuczynski-konstytucyjna-ontologia-spoleczna\/#breadcrumb","itemListElement":[{"@type":"ListItem","position":1,"name":"Strona g\u0142\u00f3wna","item":"https:\/\/fpinop.wpia.uw.edu.pl\/"},{"@type":"ListItem","position":2,"name":"ZEBRANIE naukowe &#8211; dr P. SKuczy\u0144ski &#8220;Konstytucyjna ontologia spo\u0142eczna&#8221;"}]},{"@type":"WebSite","@id":"https:\/\/fpinop.wpia.uw.edu.pl\/#website","url":"https:\/\/fpinop.wpia.uw.edu.pl\/","name":"Katedra Filozofii Prawa i Nauki o Pa\u0144stwie","description":"","publisher":{"@id":"https:\/\/fpinop.wpia.uw.edu.pl\/#organization"},"potentialAction":[{"@type":"SearchAction","target":{"@type":"EntryPoint","urlTemplate":"https:\/\/fpinop.wpia.uw.edu.pl\/?s={search_term_string}"},"query-input":"required name=search_term_string"}],"inLanguage":"pl-PL"},{"@type":"Organization","@id":"https:\/\/fpinop.wpia.uw.edu.pl\/#organization","name":"Katedra Filozofii Prawa i Nauki o Pa\u0144stwie","url":"https:\/\/fpinop.wpia.uw.edu.pl\/","logo":{"@type":"ImageObject","inLanguage":"pl-PL","@id":"https:\/\/fpinop.wpia.uw.edu.pl\/#\/schema\/logo\/image\/","url":"https:\/\/fpinop.wpia.uw.edu.pl\/wp-content\/uploads\/2025\/05\/cropped-Projekt-bez-nazwy.png","contentUrl":"https:\/\/fpinop.wpia.uw.edu.pl\/wp-content\/uploads\/2025\/05\/cropped-Projekt-bez-nazwy.png","width":450,"height":227,"caption":"Katedra Filozofii Prawa i Nauki o Pa\u0144stwie"},"image":{"@id":"https:\/\/fpinop.wpia.uw.edu.pl\/#\/schema\/logo\/image\/"}},{"@type":"Person","@id":"https:\/\/fpinop.wpia.uw.edu.pl\/#\/schema\/person\/b43097ffd842ce24fa1abecb82b2f583","name":"Maciej Kruk","image":{"@type":"ImageObject","inLanguage":"pl-PL","@id":"https:\/\/fpinop.wpia.uw.edu.pl\/#\/schema\/person\/image\/","url":"https:\/\/secure.gravatar.com\/avatar\/0ff1b27a9da7ca3a7020669cb661194e6cfb1f712f6ca284f4e9fce0c5bf530e?s=96&d=mm&r=g","contentUrl":"https:\/\/secure.gravatar.com\/avatar\/0ff1b27a9da7ca3a7020669cb661194e6cfb1f712f6ca284f4e9fce0c5bf530e?s=96&d=mm&r=g","caption":"Maciej Kruk"},"url":"https:\/\/fpinop.wpia.uw.edu.pl\/index.php\/author\/redaktor5\/"}]}},"jetpack_featured_media_url":"","_links":{"self":[{"href":"https:\/\/fpinop.wpia.uw.edu.pl\/index.php\/wp-json\/wp\/v2\/posts\/669","targetHints":{"allow":["GET"]}}],"collection":[{"href":"https:\/\/fpinop.wpia.uw.edu.pl\/index.php\/wp-json\/wp\/v2\/posts"}],"about":[{"href":"https:\/\/fpinop.wpia.uw.edu.pl\/index.php\/wp-json\/wp\/v2\/types\/post"}],"author":[{"embeddable":true,"href":"https:\/\/fpinop.wpia.uw.edu.pl\/index.php\/wp-json\/wp\/v2\/users\/6"}],"replies":[{"embeddable":true,"href":"https:\/\/fpinop.wpia.uw.edu.pl\/index.php\/wp-json\/wp\/v2\/comments?post=669"}],"version-history":[{"count":3,"href":"https:\/\/fpinop.wpia.uw.edu.pl\/index.php\/wp-json\/wp\/v2\/posts\/669\/revisions"}],"predecessor-version":[{"id":675,"href":"https:\/\/fpinop.wpia.uw.edu.pl\/index.php\/wp-json\/wp\/v2\/posts\/669\/revisions\/675"}],"wp:attachment":[{"href":"https:\/\/fpinop.wpia.uw.edu.pl\/index.php\/wp-json\/wp\/v2\/media?parent=669"}],"wp:term":[{"taxonomy":"category","embeddable":true,"href":"https:\/\/fpinop.wpia.uw.edu.pl\/index.php\/wp-json\/wp\/v2\/categories?post=669"},{"taxonomy":"post_tag","embeddable":true,"href":"https:\/\/fpinop.wpia.uw.edu.pl\/index.php\/wp-json\/wp\/v2\/tags?post=669"}],"curies":[{"name":"wp","href":"https:\/\/api.w.org\/{rel}","templated":true}]}}