{"id":723,"date":"2024-05-12T20:07:40","date_gmt":"2024-05-12T18:07:40","guid":{"rendered":"https:\/\/fpinop.wpia.uw.edu.pl\/?p=723"},"modified":"2024-05-12T20:09:03","modified_gmt":"2024-05-12T18:09:03","slug":"zebranie-naukowe-dr-m-wojtanowski-judycjalizacja-kulturowa-administracji-publicznej","status":"publish","type":"post","link":"https:\/\/fpinop.wpia.uw.edu.pl\/index.php\/2024\/05\/12\/zebranie-naukowe-dr-m-wojtanowski-judycjalizacja-kulturowa-administracji-publicznej\/","title":{"rendered":"ZEBRANIE NAUKOWE &#8211; DR M. WOJTANOWSKI &#8211; &#8222;JUDYCJALIZACJA KULTUROWA ADMINISTRACJI PUBLICZNEJ&#8221;"},"content":{"rendered":"\n<div class=\"wp-block-media-text is-stacked-on-mobile is-vertically-aligned-top\"><figure class=\"wp-block-media-text__media\"><img loading=\"lazy\" decoding=\"async\" width=\"940\" height=\"788\" src=\"https:\/\/fpinop.wpia.uw.edu.pl\/wp-content\/uploads\/2024\/05\/Wpis-na-Facebooku-M.-Wojtanowski-2023.png\" alt=\"\" class=\"wp-image-724 size-full\" srcset=\"https:\/\/fpinop.wpia.uw.edu.pl\/wp-content\/uploads\/2024\/05\/Wpis-na-Facebooku-M.-Wojtanowski-2023.png 940w, https:\/\/fpinop.wpia.uw.edu.pl\/wp-content\/uploads\/2024\/05\/Wpis-na-Facebooku-M.-Wojtanowski-2023-300x251.png 300w, https:\/\/fpinop.wpia.uw.edu.pl\/wp-content\/uploads\/2024\/05\/Wpis-na-Facebooku-M.-Wojtanowski-2023-768x644.png 768w, https:\/\/fpinop.wpia.uw.edu.pl\/wp-content\/uploads\/2024\/05\/Wpis-na-Facebooku-M.-Wojtanowski-2023-14x12.png 14w\" sizes=\"auto, (max-width: 940px) 100vw, 940px\" \/><\/figure><div class=\"wp-block-media-text__content\">\n<p class=\"wp-block-paragraph\">Zapraszamy na zebranie naukowe, na kt\u00f3rym dr M. Wojtanowski z Uniwersytetu Wroc\u0142awskiego przedstawi referat pt. &#8222;Kulturowa judycjalizacja administracji publicznej. Pomi\u0119dzy faktem kultury a postulatem etycznym&#8221;. <\/p>\n\n\n\n<p class=\"wp-block-paragraph\">Zebranie odb\u0119dzie si\u0119 16 maja 2024 r. w godz. 18:30-20:00 w sali 209 w Collegium Iuridicum I. Dost\u0119p do spotkania online b\u0119dzie mo\u017cliwy za po\u015brednictwem <a href=\"http:\/\/Zebranie naukowe Katedry - dr M. Wojtanowski (UWr) - &quot;Kulturowa judycjalizacja administracji publicznej. Pomi\u0119dzy faktem kultury a postulatem etycznym&quot;.  Czwartek, 16 maja \u00b7 6:30\u20138:00pm Strefa czasowa: Europe\/Warsaw Informacje dla uczestnik\u00f3w rozmowy w Google Meet Link do rozmowy wideo: https:\/\/meet.google.com\/skg-dnrc-uco\">Google Meet<\/a> <\/p>\n<\/div><\/div>\n","protected":false},"excerpt":{"rendered":"<p>Zapraszamy na zebranie naukowe, na kt\u00f3rym dr M. Wojtanowski z Uniwersytetu Wroc\u0142awskiego przedstawi referat pt. &#8222;Kulturowa judycjalizacja administracji publicznej. Pomi\u0119dzy faktem kultury a postulatem etycznym&#8221;. Zebranie odb\u0119dzie si\u0119 16 maja 2024 r. w godz. 18:30-20:00 w sali 209 w Collegium Iuridicum I. Dost\u0119p do spotkania online b\u0119dzie mo\u017cliwy za po\u015brednictwem Google Meet<\/p>\n","protected":false},"author":1,"featured_media":0,"comment_status":"open","ping_status":"open","sticky":false,"template":"","format":"standard","meta":{"_themeisle_gutenberg_block_has_review":false,"footnotes":""},"categories":[57],"tags":[61,88,87],"class_list":["post-723","post","type-post","status-publish","format-standard","hentry","category-seminarium","tag-judycjalizacja","tag-kultura-prawna","tag-wojtanowski-mateusz"],"yoast_head":"<!-- This site is optimized with the Yoast SEO plugin v20.10 - https:\/\/yoast.com\/wordpress\/plugins\/seo\/ -->\n<title>ZEBRANIE NAUKOWE - DR M. WOJTANOWSKI - &quot;JUDYCJALIZACJA KULTUROWA ADMINISTRACJI PUBLICZNEJ&quot; - Katedra Filozofii Prawa i Nauki o Pa\u0144stwie<\/title>\n<meta name=\"robots\" content=\"index, follow, max-snippet:-1, max-image-preview:large, max-video-preview:-1\" \/>\n<link rel=\"canonical\" href=\"https:\/\/fpinop.wpia.uw.edu.pl\/index.php\/2024\/05\/12\/zebranie-naukowe-dr-m-wojtanowski-judycjalizacja-kulturowa-administracji-publicznej\/\" \/>\n<meta property=\"og:locale\" content=\"pl_PL\" \/>\n<meta property=\"og:type\" content=\"article\" \/>\n<meta property=\"og:title\" content=\"ZEBRANIE NAUKOWE - DR M. WOJTANOWSKI - &quot;JUDYCJALIZACJA KULTUROWA ADMINISTRACJI PUBLICZNEJ&quot; - Katedra Filozofii Prawa i Nauki o Pa\u0144stwie\" \/>\n<meta property=\"og:description\" content=\"Zapraszamy na zebranie naukowe, na kt\u00f3rym dr M. Wojtanowski z Uniwersytetu Wroc\u0142awskiego przedstawi referat pt. &#8222;Kulturowa judycjalizacja administracji publicznej. Pomi\u0119dzy faktem kultury a postulatem etycznym&#8221;. Zebranie odb\u0119dzie si\u0119 16 maja 2024 r. w godz. 18:30-20:00 w sali 209 w Collegium Iuridicum I. Dost\u0119p do spotkania online b\u0119dzie mo\u017cliwy za po\u015brednictwem Google Meet\" \/>\n<meta property=\"og:url\" content=\"https:\/\/fpinop.wpia.uw.edu.pl\/index.php\/2024\/05\/12\/zebranie-naukowe-dr-m-wojtanowski-judycjalizacja-kulturowa-administracji-publicznej\/\" \/>\n<meta property=\"og:site_name\" content=\"Katedra Filozofii Prawa i Nauki o Pa\u0144stwie\" \/>\n<meta property=\"article:published_time\" content=\"2024-05-12T18:07:40+00:00\" \/>\n<meta property=\"article:modified_time\" content=\"2024-05-12T18:09:03+00:00\" \/>\n<meta property=\"og:image\" content=\"https:\/\/fpinop.wpia.uw.edu.pl\/wp-content\/uploads\/2024\/05\/Wpis-na-Facebooku-M.-Wojtanowski-2023.png\" \/>\n<meta name=\"author\" content=\"admin\" \/>\n<meta name=\"twitter:card\" content=\"summary_large_image\" \/>\n<meta name=\"twitter:label1\" content=\"Napisane przez\" \/>\n\t<meta name=\"twitter:data1\" content=\"admin\" \/>\n\t<meta name=\"twitter:label2\" content=\"Szacowany czas czytania\" \/>\n\t<meta name=\"twitter:data2\" content=\"1 minuta\" \/>\n<script type=\"application\/ld+json\" class=\"yoast-schema-graph\">{\"@context\":\"https:\/\/schema.org\",\"@graph\":[{\"@type\":\"Article\",\"@id\":\"https:\/\/fpinop.wpia.uw.edu.pl\/index.php\/2024\/05\/12\/zebranie-naukowe-dr-m-wojtanowski-judycjalizacja-kulturowa-administracji-publicznej\/#article\",\"isPartOf\":{\"@id\":\"https:\/\/fpinop.wpia.uw.edu.pl\/index.php\/2024\/05\/12\/zebranie-naukowe-dr-m-wojtanowski-judycjalizacja-kulturowa-administracji-publicznej\/\"},\"author\":{\"name\":\"admin\",\"@id\":\"https:\/\/fpinop.wpia.uw.edu.pl\/#\/schema\/person\/2d22612cf75ddb4b492f362c0e342ca7\"},\"headline\":\"ZEBRANIE NAUKOWE &#8211; DR M. WOJTANOWSKI &#8211; &#8222;JUDYCJALIZACJA KULTUROWA ADMINISTRACJI PUBLICZNEJ&#8221;\",\"datePublished\":\"2024-05-12T18:07:40+00:00\",\"dateModified\":\"2024-05-12T18:09:03+00:00\",\"mainEntityOfPage\":{\"@id\":\"https:\/\/fpinop.wpia.uw.edu.pl\/index.php\/2024\/05\/12\/zebranie-naukowe-dr-m-wojtanowski-judycjalizacja-kulturowa-administracji-publicznej\/\"},\"wordCount\":68,\"commentCount\":0,\"publisher\":{\"@id\":\"https:\/\/fpinop.wpia.uw.edu.pl\/#organization\"},\"keywords\":[\"judycjalizacja\",\"kultura prawna\",\"Wojtanowski Mateusz\"],\"articleSection\":[\"Seminarium\"],\"inLanguage\":\"pl-PL\",\"potentialAction\":[{\"@type\":\"CommentAction\",\"name\":\"Comment\",\"target\":[\"https:\/\/fpinop.wpia.uw.edu.pl\/index.php\/2024\/05\/12\/zebranie-naukowe-dr-m-wojtanowski-judycjalizacja-kulturowa-administracji-publicznej\/#respond\"]}]},{\"@type\":\"WebPage\",\"@id\":\"https:\/\/fpinop.wpia.uw.edu.pl\/index.php\/2024\/05\/12\/zebranie-naukowe-dr-m-wojtanowski-judycjalizacja-kulturowa-administracji-publicznej\/\",\"url\":\"https:\/\/fpinop.wpia.uw.edu.pl\/index.php\/2024\/05\/12\/zebranie-naukowe-dr-m-wojtanowski-judycjalizacja-kulturowa-administracji-publicznej\/\",\"name\":\"ZEBRANIE NAUKOWE - DR M. WOJTANOWSKI - \\\"JUDYCJALIZACJA KULTUROWA ADMINISTRACJI PUBLICZNEJ\\\" - Katedra Filozofii Prawa i Nauki o Pa\u0144stwie\",\"isPartOf\":{\"@id\":\"https:\/\/fpinop.wpia.uw.edu.pl\/#website\"},\"datePublished\":\"2024-05-12T18:07:40+00:00\",\"dateModified\":\"2024-05-12T18:09:03+00:00\",\"breadcrumb\":{\"@id\":\"https:\/\/fpinop.wpia.uw.edu.pl\/index.php\/2024\/05\/12\/zebranie-naukowe-dr-m-wojtanowski-judycjalizacja-kulturowa-administracji-publicznej\/#breadcrumb\"},\"inLanguage\":\"pl-PL\",\"potentialAction\":[{\"@type\":\"ReadAction\",\"target\":[\"https:\/\/fpinop.wpia.uw.edu.pl\/index.php\/2024\/05\/12\/zebranie-naukowe-dr-m-wojtanowski-judycjalizacja-kulturowa-administracji-publicznej\/\"]}]},{\"@type\":\"BreadcrumbList\",\"@id\":\"https:\/\/fpinop.wpia.uw.edu.pl\/index.php\/2024\/05\/12\/zebranie-naukowe-dr-m-wojtanowski-judycjalizacja-kulturowa-administracji-publicznej\/#breadcrumb\",\"itemListElement\":[{\"@type\":\"ListItem\",\"position\":1,\"name\":\"Strona g\u0142\u00f3wna\",\"item\":\"https:\/\/fpinop.wpia.uw.edu.pl\/\"},{\"@type\":\"ListItem\",\"position\":2,\"name\":\"ZEBRANIE NAUKOWE &#8211; DR M. WOJTANOWSKI &#8211; &#8220;JUDYCJALIZACJA KULTUROWA ADMINISTRACJI PUBLICZNEJ&#8221;\"}]},{\"@type\":\"WebSite\",\"@id\":\"https:\/\/fpinop.wpia.uw.edu.pl\/#website\",\"url\":\"https:\/\/fpinop.wpia.uw.edu.pl\/\",\"name\":\"Katedra Filozofii Prawa i Nauki o Pa\u0144stwie\",\"description\":\"\",\"publisher\":{\"@id\":\"https:\/\/fpinop.wpia.uw.edu.pl\/#organization\"},\"potentialAction\":[{\"@type\":\"SearchAction\",\"target\":{\"@type\":\"EntryPoint\",\"urlTemplate\":\"https:\/\/fpinop.wpia.uw.edu.pl\/?s={search_term_string}\"},\"query-input\":\"required name=search_term_string\"}],\"inLanguage\":\"pl-PL\"},{\"@type\":\"Organization\",\"@id\":\"https:\/\/fpinop.wpia.uw.edu.pl\/#organization\",\"name\":\"Katedra Filozofii Prawa i Nauki o Pa\u0144stwie\",\"url\":\"https:\/\/fpinop.wpia.uw.edu.pl\/\",\"logo\":{\"@type\":\"ImageObject\",\"inLanguage\":\"pl-PL\",\"@id\":\"https:\/\/fpinop.wpia.uw.edu.pl\/#\/schema\/logo\/image\/\",\"url\":\"https:\/\/fpinop.wpia.uw.edu.pl\/wp-content\/uploads\/2025\/05\/cropped-Projekt-bez-nazwy.png\",\"contentUrl\":\"https:\/\/fpinop.wpia.uw.edu.pl\/wp-content\/uploads\/2025\/05\/cropped-Projekt-bez-nazwy.png\",\"width\":450,\"height\":227,\"caption\":\"Katedra Filozofii Prawa i Nauki o Pa\u0144stwie\"},\"image\":{\"@id\":\"https:\/\/fpinop.wpia.uw.edu.pl\/#\/schema\/logo\/image\/\"}},{\"@type\":\"Person\",\"@id\":\"https:\/\/fpinop.wpia.uw.edu.pl\/#\/schema\/person\/2d22612cf75ddb4b492f362c0e342ca7\",\"name\":\"admin\",\"image\":{\"@type\":\"ImageObject\",\"inLanguage\":\"pl-PL\",\"@id\":\"https:\/\/fpinop.wpia.uw.edu.pl\/#\/schema\/person\/image\/\",\"url\":\"https:\/\/secure.gravatar.com\/avatar\/119dc6e2073baacc4c555c4168f9e78577c07de81bf4020b1063e3830d44bb05?s=96&d=mm&r=g\",\"contentUrl\":\"https:\/\/secure.gravatar.com\/avatar\/119dc6e2073baacc4c555c4168f9e78577c07de81bf4020b1063e3830d44bb05?s=96&d=mm&r=g\",\"caption\":\"admin\"},\"sameAs\":[\"https:\/\/fpinop.wpia.uw.edu.pl\"],\"url\":\"https:\/\/fpinop.wpia.uw.edu.pl\/index.php\/author\/admin_s8pq23yb\/\"}]}<\/script>\n<!-- \/ Yoast SEO plugin. -->","yoast_head_json":{"title":"ZEBRANIE NAUKOWE - DR M. WOJTANOWSKI - \"JUDYCJALIZACJA KULTUROWA ADMINISTRACJI PUBLICZNEJ\" - Katedra Filozofii Prawa i Nauki o Pa\u0144stwie","robots":{"index":"index","follow":"follow","max-snippet":"max-snippet:-1","max-image-preview":"max-image-preview:large","max-video-preview":"max-video-preview:-1"},"canonical":"https:\/\/fpinop.wpia.uw.edu.pl\/index.php\/2024\/05\/12\/zebranie-naukowe-dr-m-wojtanowski-judycjalizacja-kulturowa-administracji-publicznej\/","og_locale":"pl_PL","og_type":"article","og_title":"ZEBRANIE NAUKOWE - DR M. WOJTANOWSKI - \"JUDYCJALIZACJA KULTUROWA ADMINISTRACJI PUBLICZNEJ\" - Katedra Filozofii Prawa i Nauki o Pa\u0144stwie","og_description":"Zapraszamy na zebranie naukowe, na kt\u00f3rym dr M. Wojtanowski z Uniwersytetu Wroc\u0142awskiego przedstawi referat pt. &#8222;Kulturowa judycjalizacja administracji publicznej. Pomi\u0119dzy faktem kultury a postulatem etycznym&#8221;. Zebranie odb\u0119dzie si\u0119 16 maja 2024 r. w godz. 18:30-20:00 w sali 209 w Collegium Iuridicum I. Dost\u0119p do spotkania online b\u0119dzie mo\u017cliwy za po\u015brednictwem Google Meet","og_url":"https:\/\/fpinop.wpia.uw.edu.pl\/index.php\/2024\/05\/12\/zebranie-naukowe-dr-m-wojtanowski-judycjalizacja-kulturowa-administracji-publicznej\/","og_site_name":"Katedra Filozofii Prawa i Nauki o Pa\u0144stwie","article_published_time":"2024-05-12T18:07:40+00:00","article_modified_time":"2024-05-12T18:09:03+00:00","og_image":[{"url":"https:\/\/fpinop.wpia.uw.edu.pl\/wp-content\/uploads\/2024\/05\/Wpis-na-Facebooku-M.-Wojtanowski-2023.png"}],"author":"admin","twitter_card":"summary_large_image","twitter_misc":{"Napisane przez":"admin","Szacowany czas czytania":"1 minuta"},"schema":{"@context":"https:\/\/schema.org","@graph":[{"@type":"Article","@id":"https:\/\/fpinop.wpia.uw.edu.pl\/index.php\/2024\/05\/12\/zebranie-naukowe-dr-m-wojtanowski-judycjalizacja-kulturowa-administracji-publicznej\/#article","isPartOf":{"@id":"https:\/\/fpinop.wpia.uw.edu.pl\/index.php\/2024\/05\/12\/zebranie-naukowe-dr-m-wojtanowski-judycjalizacja-kulturowa-administracji-publicznej\/"},"author":{"name":"admin","@id":"https:\/\/fpinop.wpia.uw.edu.pl\/#\/schema\/person\/2d22612cf75ddb4b492f362c0e342ca7"},"headline":"ZEBRANIE NAUKOWE &#8211; DR M. WOJTANOWSKI &#8211; &#8222;JUDYCJALIZACJA KULTUROWA ADMINISTRACJI PUBLICZNEJ&#8221;","datePublished":"2024-05-12T18:07:40+00:00","dateModified":"2024-05-12T18:09:03+00:00","mainEntityOfPage":{"@id":"https:\/\/fpinop.wpia.uw.edu.pl\/index.php\/2024\/05\/12\/zebranie-naukowe-dr-m-wojtanowski-judycjalizacja-kulturowa-administracji-publicznej\/"},"wordCount":68,"commentCount":0,"publisher":{"@id":"https:\/\/fpinop.wpia.uw.edu.pl\/#organization"},"keywords":["judycjalizacja","kultura prawna","Wojtanowski Mateusz"],"articleSection":["Seminarium"],"inLanguage":"pl-PL","potentialAction":[{"@type":"CommentAction","name":"Comment","target":["https:\/\/fpinop.wpia.uw.edu.pl\/index.php\/2024\/05\/12\/zebranie-naukowe-dr-m-wojtanowski-judycjalizacja-kulturowa-administracji-publicznej\/#respond"]}]},{"@type":"WebPage","@id":"https:\/\/fpinop.wpia.uw.edu.pl\/index.php\/2024\/05\/12\/zebranie-naukowe-dr-m-wojtanowski-judycjalizacja-kulturowa-administracji-publicznej\/","url":"https:\/\/fpinop.wpia.uw.edu.pl\/index.php\/2024\/05\/12\/zebranie-naukowe-dr-m-wojtanowski-judycjalizacja-kulturowa-administracji-publicznej\/","name":"ZEBRANIE NAUKOWE - DR M. WOJTANOWSKI - \"JUDYCJALIZACJA KULTUROWA ADMINISTRACJI PUBLICZNEJ\" - Katedra Filozofii Prawa i Nauki o Pa\u0144stwie","isPartOf":{"@id":"https:\/\/fpinop.wpia.uw.edu.pl\/#website"},"datePublished":"2024-05-12T18:07:40+00:00","dateModified":"2024-05-12T18:09:03+00:00","breadcrumb":{"@id":"https:\/\/fpinop.wpia.uw.edu.pl\/index.php\/2024\/05\/12\/zebranie-naukowe-dr-m-wojtanowski-judycjalizacja-kulturowa-administracji-publicznej\/#breadcrumb"},"inLanguage":"pl-PL","potentialAction":[{"@type":"ReadAction","target":["https:\/\/fpinop.wpia.uw.edu.pl\/index.php\/2024\/05\/12\/zebranie-naukowe-dr-m-wojtanowski-judycjalizacja-kulturowa-administracji-publicznej\/"]}]},{"@type":"BreadcrumbList","@id":"https:\/\/fpinop.wpia.uw.edu.pl\/index.php\/2024\/05\/12\/zebranie-naukowe-dr-m-wojtanowski-judycjalizacja-kulturowa-administracji-publicznej\/#breadcrumb","itemListElement":[{"@type":"ListItem","position":1,"name":"Strona g\u0142\u00f3wna","item":"https:\/\/fpinop.wpia.uw.edu.pl\/"},{"@type":"ListItem","position":2,"name":"ZEBRANIE NAUKOWE &#8211; DR M. WOJTANOWSKI &#8211; &#8220;JUDYCJALIZACJA KULTUROWA ADMINISTRACJI PUBLICZNEJ&#8221;"}]},{"@type":"WebSite","@id":"https:\/\/fpinop.wpia.uw.edu.pl\/#website","url":"https:\/\/fpinop.wpia.uw.edu.pl\/","name":"Katedra Filozofii Prawa i Nauki o Pa\u0144stwie","description":"","publisher":{"@id":"https:\/\/fpinop.wpia.uw.edu.pl\/#organization"},"potentialAction":[{"@type":"SearchAction","target":{"@type":"EntryPoint","urlTemplate":"https:\/\/fpinop.wpia.uw.edu.pl\/?s={search_term_string}"},"query-input":"required name=search_term_string"}],"inLanguage":"pl-PL"},{"@type":"Organization","@id":"https:\/\/fpinop.wpia.uw.edu.pl\/#organization","name":"Katedra Filozofii Prawa i Nauki o Pa\u0144stwie","url":"https:\/\/fpinop.wpia.uw.edu.pl\/","logo":{"@type":"ImageObject","inLanguage":"pl-PL","@id":"https:\/\/fpinop.wpia.uw.edu.pl\/#\/schema\/logo\/image\/","url":"https:\/\/fpinop.wpia.uw.edu.pl\/wp-content\/uploads\/2025\/05\/cropped-Projekt-bez-nazwy.png","contentUrl":"https:\/\/fpinop.wpia.uw.edu.pl\/wp-content\/uploads\/2025\/05\/cropped-Projekt-bez-nazwy.png","width":450,"height":227,"caption":"Katedra Filozofii Prawa i Nauki o Pa\u0144stwie"},"image":{"@id":"https:\/\/fpinop.wpia.uw.edu.pl\/#\/schema\/logo\/image\/"}},{"@type":"Person","@id":"https:\/\/fpinop.wpia.uw.edu.pl\/#\/schema\/person\/2d22612cf75ddb4b492f362c0e342ca7","name":"admin","image":{"@type":"ImageObject","inLanguage":"pl-PL","@id":"https:\/\/fpinop.wpia.uw.edu.pl\/#\/schema\/person\/image\/","url":"https:\/\/secure.gravatar.com\/avatar\/119dc6e2073baacc4c555c4168f9e78577c07de81bf4020b1063e3830d44bb05?s=96&d=mm&r=g","contentUrl":"https:\/\/secure.gravatar.com\/avatar\/119dc6e2073baacc4c555c4168f9e78577c07de81bf4020b1063e3830d44bb05?s=96&d=mm&r=g","caption":"admin"},"sameAs":["https:\/\/fpinop.wpia.uw.edu.pl"],"url":"https:\/\/fpinop.wpia.uw.edu.pl\/index.php\/author\/admin_s8pq23yb\/"}]}},"jetpack_featured_media_url":"","_links":{"self":[{"href":"https:\/\/fpinop.wpia.uw.edu.pl\/index.php\/wp-json\/wp\/v2\/posts\/723","targetHints":{"allow":["GET"]}}],"collection":[{"href":"https:\/\/fpinop.wpia.uw.edu.pl\/index.php\/wp-json\/wp\/v2\/posts"}],"about":[{"href":"https:\/\/fpinop.wpia.uw.edu.pl\/index.php\/wp-json\/wp\/v2\/types\/post"}],"author":[{"embeddable":true,"href":"https:\/\/fpinop.wpia.uw.edu.pl\/index.php\/wp-json\/wp\/v2\/users\/1"}],"replies":[{"embeddable":true,"href":"https:\/\/fpinop.wpia.uw.edu.pl\/index.php\/wp-json\/wp\/v2\/comments?post=723"}],"version-history":[{"count":3,"href":"https:\/\/fpinop.wpia.uw.edu.pl\/index.php\/wp-json\/wp\/v2\/posts\/723\/revisions"}],"predecessor-version":[{"id":727,"href":"https:\/\/fpinop.wpia.uw.edu.pl\/index.php\/wp-json\/wp\/v2\/posts\/723\/revisions\/727"}],"wp:attachment":[{"href":"https:\/\/fpinop.wpia.uw.edu.pl\/index.php\/wp-json\/wp\/v2\/media?parent=723"}],"wp:term":[{"taxonomy":"category","embeddable":true,"href":"https:\/\/fpinop.wpia.uw.edu.pl\/index.php\/wp-json\/wp\/v2\/categories?post=723"},{"taxonomy":"post_tag","embeddable":true,"href":"https:\/\/fpinop.wpia.uw.edu.pl\/index.php\/wp-json\/wp\/v2\/tags?post=723"}],"curies":[{"name":"wp","href":"https:\/\/api.w.org\/{rel}","templated":true}]}}