{"id":788,"date":"2024-11-11T17:32:29","date_gmt":"2024-11-11T16:32:29","guid":{"rendered":"https:\/\/fpinop.wpia.uw.edu.pl\/?p=788"},"modified":"2024-11-11T17:33:46","modified_gmt":"2024-11-11T16:33:46","slug":"dr-hab-j-winczorek-dostep-do-prawa-jako-pojecie-prawne","status":"publish","type":"post","link":"https:\/\/fpinop.wpia.uw.edu.pl\/index.php\/2024\/11\/11\/dr-hab-j-winczorek-dostep-do-prawa-jako-pojecie-prawne\/","title":{"rendered":"dr hab. Jan Winczorek &#8211; Dost\u0119p do prawa jako poj\u0119cie prawne"},"content":{"rendered":"\n<div class=\"wp-block-media-text is-stacked-on-mobile is-vertically-aligned-top\"><figure class=\"wp-block-media-text__media\"><img loading=\"lazy\" decoding=\"async\" width=\"940\" height=\"788\" src=\"https:\/\/fpinop.wpia.uw.edu.pl\/wp-content\/uploads\/2024\/11\/Seminaria-KFPiNoP.png\" alt=\"\" class=\"wp-image-789 size-full\" srcset=\"https:\/\/fpinop.wpia.uw.edu.pl\/wp-content\/uploads\/2024\/11\/Seminaria-KFPiNoP.png 940w, https:\/\/fpinop.wpia.uw.edu.pl\/wp-content\/uploads\/2024\/11\/Seminaria-KFPiNoP-300x251.png 300w, https:\/\/fpinop.wpia.uw.edu.pl\/wp-content\/uploads\/2024\/11\/Seminaria-KFPiNoP-768x644.png 768w, https:\/\/fpinop.wpia.uw.edu.pl\/wp-content\/uploads\/2024\/11\/Seminaria-KFPiNoP-14x12.png 14w\" sizes=\"auto, (max-width: 940px) 100vw, 940px\" \/><\/figure><div class=\"wp-block-media-text__content\">\n<p class=\"wp-block-paragraph\">Zapraszamy na kolejne otwarte zebranie naukowe Katedry Filozofii Prawa i Nauki o Pa\u0144stwie, podczas kt\u00f3rego dr hab. J. Winczorek wyg\u0142osi referat pt &#8222;Dost\u0119p do prawa jako poj\u0119cie prawne&#8221;. Zebranie odb\u0119dzie si\u0119 w czwartek, 14 listopada od godz. 16:45 w s. 209 w Collegium Iuridicum I oraz <a href=\"https:\/\/meet.google.com\/skg-dnrc-uco\">online<\/a>.<\/p>\n\n\n\n<p class=\"wp-block-paragraph\"><a href=\"https:\/\/fpinop.wpia.uw.edu.pl\/wp-content\/uploads\/2024\/11\/abstrakt.pdf\">Abstrakt wyst\u0105pienia przes\u0142any przez referenta<\/a><\/p>\n\n\n\n<p class=\"wp-block-paragraph\">Ponadto referent sugeruje zapoznanie si\u0119 z wybranymi rozdzia\u0142ami (1,3, i zako\u0144czenie) jego ksi\u0105\u017cki &#8222;<a href=\"https:\/\/www.ceeol.com\/search\/book-detail?id=845466\">Dost\u0119p do prawa. Uj\u0119cie socjologiczne<\/a>&#8221; (Scholar 2019)  lub rozdzia\u0142em 1 z jego i K. Muszy\u0144skiego ksi\u0105\u017cki <a href=\"https:\/\/www.researchgate.net\/publication\/370147630_Small_and_Medium_Enterprises_Law_and_Business_Uncertainty_and_Justice\">&#8222;Small and medium enterprises, law and business: uncertainty and justice&#8221;<\/a> (Routledge 2023)<\/p>\n<\/div><\/div>\n\n\n\n<p class=\"wp-block-paragraph\"><\/p>\n","protected":false},"excerpt":{"rendered":"<p>Zapraszamy na kolejne otwarte zebranie naukowe Katedry Filozofii Prawa i Nauki o Pa\u0144stwie, podczas kt\u00f3rego dr hab. J. Winczorek wyg\u0142osi referat pt &#8222;Dost\u0119p do prawa jako poj\u0119cie prawne&#8221;. Zebranie odb\u0119dzie si\u0119 w czwartek, 14 listopada od godz. 16:45 w s. 209 w Collegium Iuridicum I oraz online. Abstrakt wyst\u0105pienia przes\u0142any przez referenta Ponadto referent sugeruje [&hellip;]<\/p>\n","protected":false},"author":1,"featured_media":0,"comment_status":"closed","ping_status":"open","sticky":false,"template":"","format":"standard","meta":{"_themeisle_gutenberg_block_has_review":false,"footnotes":""},"categories":[57],"tags":[24,22],"class_list":["post-788","post","type-post","status-publish","format-standard","hentry","category-seminarium","tag-dostep-do-prawa","tag-winczorek-jan"],"yoast_head":"<!-- This site is optimized with the Yoast SEO plugin v20.10 - https:\/\/yoast.com\/wordpress\/plugins\/seo\/ -->\n<title>dr hab. Jan Winczorek - Dost\u0119p do prawa jako poj\u0119cie prawne - Katedra Filozofii Prawa i Nauki o Pa\u0144stwie<\/title>\n<meta name=\"robots\" content=\"index, follow, max-snippet:-1, max-image-preview:large, max-video-preview:-1\" \/>\n<link rel=\"canonical\" href=\"https:\/\/fpinop.wpia.uw.edu.pl\/index.php\/2024\/11\/11\/dr-hab-j-winczorek-dostep-do-prawa-jako-pojecie-prawne\/\" \/>\n<meta property=\"og:locale\" content=\"pl_PL\" \/>\n<meta property=\"og:type\" content=\"article\" \/>\n<meta property=\"og:title\" content=\"dr hab. Jan Winczorek - Dost\u0119p do prawa jako poj\u0119cie prawne - Katedra Filozofii Prawa i Nauki o Pa\u0144stwie\" \/>\n<meta property=\"og:description\" content=\"Zapraszamy na kolejne otwarte zebranie naukowe Katedry Filozofii Prawa i Nauki o Pa\u0144stwie, podczas kt\u00f3rego dr hab. J. Winczorek wyg\u0142osi referat pt &#8222;Dost\u0119p do prawa jako poj\u0119cie prawne&#8221;. Zebranie odb\u0119dzie si\u0119 w czwartek, 14 listopada od godz. 16:45 w s. 209 w Collegium Iuridicum I oraz online. Abstrakt wyst\u0105pienia przes\u0142any przez referenta Ponadto referent sugeruje [&hellip;]\" \/>\n<meta property=\"og:url\" content=\"https:\/\/fpinop.wpia.uw.edu.pl\/index.php\/2024\/11\/11\/dr-hab-j-winczorek-dostep-do-prawa-jako-pojecie-prawne\/\" \/>\n<meta property=\"og:site_name\" content=\"Katedra Filozofii Prawa i Nauki o Pa\u0144stwie\" \/>\n<meta property=\"article:published_time\" content=\"2024-11-11T16:32:29+00:00\" \/>\n<meta property=\"article:modified_time\" content=\"2024-11-11T16:33:46+00:00\" \/>\n<meta property=\"og:image\" content=\"https:\/\/fpinop.wpia.uw.edu.pl\/wp-content\/uploads\/2024\/11\/Seminaria-KFPiNoP.png\" \/>\n<meta name=\"author\" content=\"admin\" \/>\n<meta name=\"twitter:card\" content=\"summary_large_image\" \/>\n<meta name=\"twitter:label1\" content=\"Napisane przez\" \/>\n\t<meta name=\"twitter:data1\" content=\"admin\" \/>\n\t<meta name=\"twitter:label2\" content=\"Szacowany czas czytania\" \/>\n\t<meta name=\"twitter:data2\" content=\"1 minuta\" \/>\n<script type=\"application\/ld+json\" class=\"yoast-schema-graph\">{\"@context\":\"https:\/\/schema.org\",\"@graph\":[{\"@type\":\"Article\",\"@id\":\"https:\/\/fpinop.wpia.uw.edu.pl\/index.php\/2024\/11\/11\/dr-hab-j-winczorek-dostep-do-prawa-jako-pojecie-prawne\/#article\",\"isPartOf\":{\"@id\":\"https:\/\/fpinop.wpia.uw.edu.pl\/index.php\/2024\/11\/11\/dr-hab-j-winczorek-dostep-do-prawa-jako-pojecie-prawne\/\"},\"author\":{\"name\":\"admin\",\"@id\":\"https:\/\/fpinop.wpia.uw.edu.pl\/#\/schema\/person\/2d22612cf75ddb4b492f362c0e342ca7\"},\"headline\":\"dr hab. Jan Winczorek &#8211; Dost\u0119p do prawa jako poj\u0119cie prawne\",\"datePublished\":\"2024-11-11T16:32:29+00:00\",\"dateModified\":\"2024-11-11T16:33:46+00:00\",\"mainEntityOfPage\":{\"@id\":\"https:\/\/fpinop.wpia.uw.edu.pl\/index.php\/2024\/11\/11\/dr-hab-j-winczorek-dostep-do-prawa-jako-pojecie-prawne\/\"},\"wordCount\":115,\"publisher\":{\"@id\":\"https:\/\/fpinop.wpia.uw.edu.pl\/#organization\"},\"keywords\":[\"Dost\u0119p do prawa\",\"Winczorek Jan\"],\"articleSection\":[\"Seminarium\"],\"inLanguage\":\"pl-PL\"},{\"@type\":\"WebPage\",\"@id\":\"https:\/\/fpinop.wpia.uw.edu.pl\/index.php\/2024\/11\/11\/dr-hab-j-winczorek-dostep-do-prawa-jako-pojecie-prawne\/\",\"url\":\"https:\/\/fpinop.wpia.uw.edu.pl\/index.php\/2024\/11\/11\/dr-hab-j-winczorek-dostep-do-prawa-jako-pojecie-prawne\/\",\"name\":\"dr hab. Jan Winczorek - Dost\u0119p do prawa jako poj\u0119cie prawne - Katedra Filozofii Prawa i Nauki o Pa\u0144stwie\",\"isPartOf\":{\"@id\":\"https:\/\/fpinop.wpia.uw.edu.pl\/#website\"},\"datePublished\":\"2024-11-11T16:32:29+00:00\",\"dateModified\":\"2024-11-11T16:33:46+00:00\",\"breadcrumb\":{\"@id\":\"https:\/\/fpinop.wpia.uw.edu.pl\/index.php\/2024\/11\/11\/dr-hab-j-winczorek-dostep-do-prawa-jako-pojecie-prawne\/#breadcrumb\"},\"inLanguage\":\"pl-PL\",\"potentialAction\":[{\"@type\":\"ReadAction\",\"target\":[\"https:\/\/fpinop.wpia.uw.edu.pl\/index.php\/2024\/11\/11\/dr-hab-j-winczorek-dostep-do-prawa-jako-pojecie-prawne\/\"]}]},{\"@type\":\"BreadcrumbList\",\"@id\":\"https:\/\/fpinop.wpia.uw.edu.pl\/index.php\/2024\/11\/11\/dr-hab-j-winczorek-dostep-do-prawa-jako-pojecie-prawne\/#breadcrumb\",\"itemListElement\":[{\"@type\":\"ListItem\",\"position\":1,\"name\":\"Strona g\u0142\u00f3wna\",\"item\":\"https:\/\/fpinop.wpia.uw.edu.pl\/\"},{\"@type\":\"ListItem\",\"position\":2,\"name\":\"dr hab. Jan Winczorek &#8211; Dost\u0119p do prawa jako poj\u0119cie prawne\"}]},{\"@type\":\"WebSite\",\"@id\":\"https:\/\/fpinop.wpia.uw.edu.pl\/#website\",\"url\":\"https:\/\/fpinop.wpia.uw.edu.pl\/\",\"name\":\"Katedra Filozofii Prawa i Nauki o Pa\u0144stwie\",\"description\":\"\",\"publisher\":{\"@id\":\"https:\/\/fpinop.wpia.uw.edu.pl\/#organization\"},\"potentialAction\":[{\"@type\":\"SearchAction\",\"target\":{\"@type\":\"EntryPoint\",\"urlTemplate\":\"https:\/\/fpinop.wpia.uw.edu.pl\/?s={search_term_string}\"},\"query-input\":\"required name=search_term_string\"}],\"inLanguage\":\"pl-PL\"},{\"@type\":\"Organization\",\"@id\":\"https:\/\/fpinop.wpia.uw.edu.pl\/#organization\",\"name\":\"Katedra Filozofii Prawa i Nauki o Pa\u0144stwie\",\"url\":\"https:\/\/fpinop.wpia.uw.edu.pl\/\",\"logo\":{\"@type\":\"ImageObject\",\"inLanguage\":\"pl-PL\",\"@id\":\"https:\/\/fpinop.wpia.uw.edu.pl\/#\/schema\/logo\/image\/\",\"url\":\"https:\/\/fpinop.wpia.uw.edu.pl\/wp-content\/uploads\/2025\/05\/cropped-Projekt-bez-nazwy.png\",\"contentUrl\":\"https:\/\/fpinop.wpia.uw.edu.pl\/wp-content\/uploads\/2025\/05\/cropped-Projekt-bez-nazwy.png\",\"width\":450,\"height\":227,\"caption\":\"Katedra Filozofii Prawa i Nauki o Pa\u0144stwie\"},\"image\":{\"@id\":\"https:\/\/fpinop.wpia.uw.edu.pl\/#\/schema\/logo\/image\/\"}},{\"@type\":\"Person\",\"@id\":\"https:\/\/fpinop.wpia.uw.edu.pl\/#\/schema\/person\/2d22612cf75ddb4b492f362c0e342ca7\",\"name\":\"admin\",\"image\":{\"@type\":\"ImageObject\",\"inLanguage\":\"pl-PL\",\"@id\":\"https:\/\/fpinop.wpia.uw.edu.pl\/#\/schema\/person\/image\/\",\"url\":\"https:\/\/secure.gravatar.com\/avatar\/119dc6e2073baacc4c555c4168f9e78577c07de81bf4020b1063e3830d44bb05?s=96&d=mm&r=g\",\"contentUrl\":\"https:\/\/secure.gravatar.com\/avatar\/119dc6e2073baacc4c555c4168f9e78577c07de81bf4020b1063e3830d44bb05?s=96&d=mm&r=g\",\"caption\":\"admin\"},\"sameAs\":[\"https:\/\/fpinop.wpia.uw.edu.pl\"],\"url\":\"https:\/\/fpinop.wpia.uw.edu.pl\/index.php\/author\/admin_s8pq23yb\/\"}]}<\/script>\n<!-- \/ Yoast SEO plugin. -->","yoast_head_json":{"title":"dr hab. Jan Winczorek - Dost\u0119p do prawa jako poj\u0119cie prawne - Katedra Filozofii Prawa i Nauki o Pa\u0144stwie","robots":{"index":"index","follow":"follow","max-snippet":"max-snippet:-1","max-image-preview":"max-image-preview:large","max-video-preview":"max-video-preview:-1"},"canonical":"https:\/\/fpinop.wpia.uw.edu.pl\/index.php\/2024\/11\/11\/dr-hab-j-winczorek-dostep-do-prawa-jako-pojecie-prawne\/","og_locale":"pl_PL","og_type":"article","og_title":"dr hab. Jan Winczorek - Dost\u0119p do prawa jako poj\u0119cie prawne - Katedra Filozofii Prawa i Nauki o Pa\u0144stwie","og_description":"Zapraszamy na kolejne otwarte zebranie naukowe Katedry Filozofii Prawa i Nauki o Pa\u0144stwie, podczas kt\u00f3rego dr hab. J. Winczorek wyg\u0142osi referat pt &#8222;Dost\u0119p do prawa jako poj\u0119cie prawne&#8221;. Zebranie odb\u0119dzie si\u0119 w czwartek, 14 listopada od godz. 16:45 w s. 209 w Collegium Iuridicum I oraz online. Abstrakt wyst\u0105pienia przes\u0142any przez referenta Ponadto referent sugeruje [&hellip;]","og_url":"https:\/\/fpinop.wpia.uw.edu.pl\/index.php\/2024\/11\/11\/dr-hab-j-winczorek-dostep-do-prawa-jako-pojecie-prawne\/","og_site_name":"Katedra Filozofii Prawa i Nauki o Pa\u0144stwie","article_published_time":"2024-11-11T16:32:29+00:00","article_modified_time":"2024-11-11T16:33:46+00:00","og_image":[{"url":"https:\/\/fpinop.wpia.uw.edu.pl\/wp-content\/uploads\/2024\/11\/Seminaria-KFPiNoP.png"}],"author":"admin","twitter_card":"summary_large_image","twitter_misc":{"Napisane przez":"admin","Szacowany czas czytania":"1 minuta"},"schema":{"@context":"https:\/\/schema.org","@graph":[{"@type":"Article","@id":"https:\/\/fpinop.wpia.uw.edu.pl\/index.php\/2024\/11\/11\/dr-hab-j-winczorek-dostep-do-prawa-jako-pojecie-prawne\/#article","isPartOf":{"@id":"https:\/\/fpinop.wpia.uw.edu.pl\/index.php\/2024\/11\/11\/dr-hab-j-winczorek-dostep-do-prawa-jako-pojecie-prawne\/"},"author":{"name":"admin","@id":"https:\/\/fpinop.wpia.uw.edu.pl\/#\/schema\/person\/2d22612cf75ddb4b492f362c0e342ca7"},"headline":"dr hab. Jan Winczorek &#8211; Dost\u0119p do prawa jako poj\u0119cie prawne","datePublished":"2024-11-11T16:32:29+00:00","dateModified":"2024-11-11T16:33:46+00:00","mainEntityOfPage":{"@id":"https:\/\/fpinop.wpia.uw.edu.pl\/index.php\/2024\/11\/11\/dr-hab-j-winczorek-dostep-do-prawa-jako-pojecie-prawne\/"},"wordCount":115,"publisher":{"@id":"https:\/\/fpinop.wpia.uw.edu.pl\/#organization"},"keywords":["Dost\u0119p do prawa","Winczorek Jan"],"articleSection":["Seminarium"],"inLanguage":"pl-PL"},{"@type":"WebPage","@id":"https:\/\/fpinop.wpia.uw.edu.pl\/index.php\/2024\/11\/11\/dr-hab-j-winczorek-dostep-do-prawa-jako-pojecie-prawne\/","url":"https:\/\/fpinop.wpia.uw.edu.pl\/index.php\/2024\/11\/11\/dr-hab-j-winczorek-dostep-do-prawa-jako-pojecie-prawne\/","name":"dr hab. Jan Winczorek - Dost\u0119p do prawa jako poj\u0119cie prawne - Katedra Filozofii Prawa i Nauki o Pa\u0144stwie","isPartOf":{"@id":"https:\/\/fpinop.wpia.uw.edu.pl\/#website"},"datePublished":"2024-11-11T16:32:29+00:00","dateModified":"2024-11-11T16:33:46+00:00","breadcrumb":{"@id":"https:\/\/fpinop.wpia.uw.edu.pl\/index.php\/2024\/11\/11\/dr-hab-j-winczorek-dostep-do-prawa-jako-pojecie-prawne\/#breadcrumb"},"inLanguage":"pl-PL","potentialAction":[{"@type":"ReadAction","target":["https:\/\/fpinop.wpia.uw.edu.pl\/index.php\/2024\/11\/11\/dr-hab-j-winczorek-dostep-do-prawa-jako-pojecie-prawne\/"]}]},{"@type":"BreadcrumbList","@id":"https:\/\/fpinop.wpia.uw.edu.pl\/index.php\/2024\/11\/11\/dr-hab-j-winczorek-dostep-do-prawa-jako-pojecie-prawne\/#breadcrumb","itemListElement":[{"@type":"ListItem","position":1,"name":"Strona g\u0142\u00f3wna","item":"https:\/\/fpinop.wpia.uw.edu.pl\/"},{"@type":"ListItem","position":2,"name":"dr hab. Jan Winczorek &#8211; Dost\u0119p do prawa jako poj\u0119cie prawne"}]},{"@type":"WebSite","@id":"https:\/\/fpinop.wpia.uw.edu.pl\/#website","url":"https:\/\/fpinop.wpia.uw.edu.pl\/","name":"Katedra Filozofii Prawa i Nauki o Pa\u0144stwie","description":"","publisher":{"@id":"https:\/\/fpinop.wpia.uw.edu.pl\/#organization"},"potentialAction":[{"@type":"SearchAction","target":{"@type":"EntryPoint","urlTemplate":"https:\/\/fpinop.wpia.uw.edu.pl\/?s={search_term_string}"},"query-input":"required name=search_term_string"}],"inLanguage":"pl-PL"},{"@type":"Organization","@id":"https:\/\/fpinop.wpia.uw.edu.pl\/#organization","name":"Katedra Filozofii Prawa i Nauki o Pa\u0144stwie","url":"https:\/\/fpinop.wpia.uw.edu.pl\/","logo":{"@type":"ImageObject","inLanguage":"pl-PL","@id":"https:\/\/fpinop.wpia.uw.edu.pl\/#\/schema\/logo\/image\/","url":"https:\/\/fpinop.wpia.uw.edu.pl\/wp-content\/uploads\/2025\/05\/cropped-Projekt-bez-nazwy.png","contentUrl":"https:\/\/fpinop.wpia.uw.edu.pl\/wp-content\/uploads\/2025\/05\/cropped-Projekt-bez-nazwy.png","width":450,"height":227,"caption":"Katedra Filozofii Prawa i Nauki o Pa\u0144stwie"},"image":{"@id":"https:\/\/fpinop.wpia.uw.edu.pl\/#\/schema\/logo\/image\/"}},{"@type":"Person","@id":"https:\/\/fpinop.wpia.uw.edu.pl\/#\/schema\/person\/2d22612cf75ddb4b492f362c0e342ca7","name":"admin","image":{"@type":"ImageObject","inLanguage":"pl-PL","@id":"https:\/\/fpinop.wpia.uw.edu.pl\/#\/schema\/person\/image\/","url":"https:\/\/secure.gravatar.com\/avatar\/119dc6e2073baacc4c555c4168f9e78577c07de81bf4020b1063e3830d44bb05?s=96&d=mm&r=g","contentUrl":"https:\/\/secure.gravatar.com\/avatar\/119dc6e2073baacc4c555c4168f9e78577c07de81bf4020b1063e3830d44bb05?s=96&d=mm&r=g","caption":"admin"},"sameAs":["https:\/\/fpinop.wpia.uw.edu.pl"],"url":"https:\/\/fpinop.wpia.uw.edu.pl\/index.php\/author\/admin_s8pq23yb\/"}]}},"jetpack_featured_media_url":"","_links":{"self":[{"href":"https:\/\/fpinop.wpia.uw.edu.pl\/index.php\/wp-json\/wp\/v2\/posts\/788","targetHints":{"allow":["GET"]}}],"collection":[{"href":"https:\/\/fpinop.wpia.uw.edu.pl\/index.php\/wp-json\/wp\/v2\/posts"}],"about":[{"href":"https:\/\/fpinop.wpia.uw.edu.pl\/index.php\/wp-json\/wp\/v2\/types\/post"}],"author":[{"embeddable":true,"href":"https:\/\/fpinop.wpia.uw.edu.pl\/index.php\/wp-json\/wp\/v2\/users\/1"}],"replies":[{"embeddable":true,"href":"https:\/\/fpinop.wpia.uw.edu.pl\/index.php\/wp-json\/wp\/v2\/comments?post=788"}],"version-history":[{"count":2,"href":"https:\/\/fpinop.wpia.uw.edu.pl\/index.php\/wp-json\/wp\/v2\/posts\/788\/revisions"}],"predecessor-version":[{"id":792,"href":"https:\/\/fpinop.wpia.uw.edu.pl\/index.php\/wp-json\/wp\/v2\/posts\/788\/revisions\/792"}],"wp:attachment":[{"href":"https:\/\/fpinop.wpia.uw.edu.pl\/index.php\/wp-json\/wp\/v2\/media?parent=788"}],"wp:term":[{"taxonomy":"category","embeddable":true,"href":"https:\/\/fpinop.wpia.uw.edu.pl\/index.php\/wp-json\/wp\/v2\/categories?post=788"},{"taxonomy":"post_tag","embeddable":true,"href":"https:\/\/fpinop.wpia.uw.edu.pl\/index.php\/wp-json\/wp\/v2\/tags?post=788"}],"curies":[{"name":"wp","href":"https:\/\/api.w.org\/{rel}","templated":true}]}}