{"id":800,"date":"2025-01-13T00:25:57","date_gmt":"2025-01-12T23:25:57","guid":{"rendered":"https:\/\/fpinop.wpia.uw.edu.pl\/?p=800"},"modified":"2025-01-13T00:31:33","modified_gmt":"2025-01-12T23:31:33","slug":"prof-tomasz-widlak-temida-z-charakterem-uwagi-o-koncepcji-i-znaczeniu-cnot-sedziowskich","status":"publish","type":"post","link":"https:\/\/fpinop.wpia.uw.edu.pl\/index.php\/2025\/01\/13\/prof-tomasz-widlak-temida-z-charakterem-uwagi-o-koncepcji-i-znaczeniu-cnot-sedziowskich\/","title":{"rendered":"prof. Tomasz Wid\u0142ak &#8211; Temida z charakterem \u2013 uwagi o koncepcji i znaczeniu cn\u00f3t s\u0119dziowskich"},"content":{"rendered":"\n<div class=\"wp-block-media-text is-stacked-on-mobile is-vertically-aligned-top\"><figure class=\"wp-block-media-text__media\"><img loading=\"lazy\" decoding=\"async\" width=\"753\" height=\"628\" src=\"https:\/\/fpinop.wpia.uw.edu.pl\/wp-content\/uploads\/2025\/01\/Widlak-Kopia-\u2013-Seminaria-KFPiNoP-\u2013-kopia-\u2013-kopia.jpg\" alt=\"\" class=\"wp-image-801 size-full\" srcset=\"https:\/\/fpinop.wpia.uw.edu.pl\/wp-content\/uploads\/2025\/01\/Widlak-Kopia-\u2013-Seminaria-KFPiNoP-\u2013-kopia-\u2013-kopia.jpg 753w, https:\/\/fpinop.wpia.uw.edu.pl\/wp-content\/uploads\/2025\/01\/Widlak-Kopia-\u2013-Seminaria-KFPiNoP-\u2013-kopia-\u2013-kopia-300x250.jpg 300w, https:\/\/fpinop.wpia.uw.edu.pl\/wp-content\/uploads\/2025\/01\/Widlak-Kopia-\u2013-Seminaria-KFPiNoP-\u2013-kopia-\u2013-kopia-14x12.jpg 14w\" sizes=\"auto, (max-width: 753px) 100vw, 753px\" \/><\/figure><div class=\"wp-block-media-text__content\">\n<p class=\"wp-block-paragraph\">Katedra Filozofii Prawa i Nauki o Pa\u0144stwie zaprasza na zebranie naukowe, kt\u00f3re rozpocznie si\u0119 16 stycznia o godz. 16:45 w sali 209 oraz online (link do transmisji spotkania: <a href=\"https:\/\/meet.google.com\/skg-dnrc-uco\">https:\/\/meet.google.com\/skg-dnrc-uco<\/a>)<\/p>\n\n\n\n<p class=\"wp-block-paragraph\"><br>Naszym go\u015bciem b\u0119dzie dr. hab Tomasz Wid\u0142ak, prof. UG, kt\u00f3ry wyg\u0142osi referat &#8222;Temida z charakterem \u2013 uwagi o koncepcji i znaczeniu cn\u00f3t s\u0119dziowskich&#8221;<\/p>\n\n\n\n<p class=\"wp-block-paragraph\"><a href=\"https:\/\/fpinop.wpia.uw.edu.pl\/wp-content\/uploads\/2025\/01\/TWidlak_abstrakt.pdf\">Abstrakt wyst\u0105pienia przes\u0142any przez referenta<\/a><\/p>\n\n\n\n<p class=\"wp-block-paragraph\">Autor zaprasza ponadto do zapoznania si\u0119 ze swoimi tekstami, kt\u00f3re b\u0119d\u0105 podstaw\u0105 wyst\u0105pienia: T. Wid\u0142ak, M\u0105dro\u015b\u0107 s\u0119dziego oraz Tytu\u0142em wst\u0119pu: jurysprudencja cn\u00f3t, oba w: T. Wid\u0142ak (red.) Cnoty s\u0119dziowskie. Refleksje prawnicze. Wyd. UG, 2023<\/p>\n<\/div><\/div>\n","protected":false},"excerpt":{"rendered":"<p>Katedra Filozofii Prawa i Nauki o Pa\u0144stwie zaprasza na zebranie naukowe, kt\u00f3re rozpocznie si\u0119 16 stycznia o godz. 16:45 w sali 209 oraz online (link do transmisji spotkania: https:\/\/meet.google.com\/skg-dnrc-uco) Naszym go\u015bciem b\u0119dzie dr. hab Tomasz Wid\u0142ak, prof. UG, kt\u00f3ry wyg\u0142osi referat &#8222;Temida z charakterem \u2013 uwagi o koncepcji i znaczeniu cn\u00f3t s\u0119dziowskich&#8221; Abstrakt wyst\u0105pienia przes\u0142any [&hellip;]<\/p>\n","protected":false},"author":1,"featured_media":0,"comment_status":"closed","ping_status":"open","sticky":false,"template":"","format":"standard","meta":{"_themeisle_gutenberg_block_has_review":false,"footnotes":""},"categories":[57],"tags":[116,100],"class_list":["post-800","post","type-post","status-publish","format-standard","hentry","category-seminarium","tag-cnoty-sedziowskie","tag-widlak-tomasz"],"yoast_head":"<!-- This site is optimized with the Yoast SEO plugin v20.10 - https:\/\/yoast.com\/wordpress\/plugins\/seo\/ -->\n<title>prof. Tomasz Wid\u0142ak - Temida z charakterem \u2013 uwagi o koncepcji i znaczeniu cn\u00f3t s\u0119dziowskich - Katedra Filozofii Prawa i Nauki o Pa\u0144stwie<\/title>\n<meta name=\"robots\" content=\"index, follow, max-snippet:-1, max-image-preview:large, max-video-preview:-1\" \/>\n<link rel=\"canonical\" href=\"https:\/\/fpinop.wpia.uw.edu.pl\/index.php\/2025\/01\/13\/prof-tomasz-widlak-temida-z-charakterem-uwagi-o-koncepcji-i-znaczeniu-cnot-sedziowskich\/\" \/>\n<meta property=\"og:locale\" content=\"pl_PL\" \/>\n<meta property=\"og:type\" content=\"article\" \/>\n<meta property=\"og:title\" content=\"prof. Tomasz Wid\u0142ak - Temida z charakterem \u2013 uwagi o koncepcji i znaczeniu cn\u00f3t s\u0119dziowskich - Katedra Filozofii Prawa i Nauki o Pa\u0144stwie\" \/>\n<meta property=\"og:description\" content=\"Katedra Filozofii Prawa i Nauki o Pa\u0144stwie zaprasza na zebranie naukowe, kt\u00f3re rozpocznie si\u0119 16 stycznia o godz. 16:45 w sali 209 oraz online (link do transmisji spotkania: https:\/\/meet.google.com\/skg-dnrc-uco) Naszym go\u015bciem b\u0119dzie dr. hab Tomasz Wid\u0142ak, prof. UG, kt\u00f3ry wyg\u0142osi referat &#8222;Temida z charakterem \u2013 uwagi o koncepcji i znaczeniu cn\u00f3t s\u0119dziowskich&#8221; Abstrakt wyst\u0105pienia przes\u0142any [&hellip;]\" \/>\n<meta property=\"og:url\" content=\"https:\/\/fpinop.wpia.uw.edu.pl\/index.php\/2025\/01\/13\/prof-tomasz-widlak-temida-z-charakterem-uwagi-o-koncepcji-i-znaczeniu-cnot-sedziowskich\/\" \/>\n<meta property=\"og:site_name\" content=\"Katedra Filozofii Prawa i Nauki o Pa\u0144stwie\" \/>\n<meta property=\"article:published_time\" content=\"2025-01-12T23:25:57+00:00\" \/>\n<meta property=\"article:modified_time\" content=\"2025-01-12T23:31:33+00:00\" \/>\n<meta name=\"author\" content=\"admin\" \/>\n<meta name=\"twitter:card\" content=\"summary_large_image\" \/>\n<meta name=\"twitter:label1\" content=\"Napisane przez\" \/>\n\t<meta name=\"twitter:data1\" content=\"admin\" \/>\n\t<meta name=\"twitter:label2\" content=\"Szacowany czas czytania\" \/>\n\t<meta name=\"twitter:data2\" content=\"1 minuta\" \/>\n<script type=\"application\/ld+json\" class=\"yoast-schema-graph\">{\"@context\":\"https:\/\/schema.org\",\"@graph\":[{\"@type\":\"Article\",\"@id\":\"https:\/\/fpinop.wpia.uw.edu.pl\/index.php\/2025\/01\/13\/prof-tomasz-widlak-temida-z-charakterem-uwagi-o-koncepcji-i-znaczeniu-cnot-sedziowskich\/#article\",\"isPartOf\":{\"@id\":\"https:\/\/fpinop.wpia.uw.edu.pl\/index.php\/2025\/01\/13\/prof-tomasz-widlak-temida-z-charakterem-uwagi-o-koncepcji-i-znaczeniu-cnot-sedziowskich\/\"},\"author\":{\"name\":\"admin\",\"@id\":\"https:\/\/fpinop.wpia.uw.edu.pl\/#\/schema\/person\/2d22612cf75ddb4b492f362c0e342ca7\"},\"headline\":\"prof. Tomasz Wid\u0142ak &#8211; Temida z charakterem \u2013 uwagi o koncepcji i znaczeniu cn\u00f3t s\u0119dziowskich\",\"datePublished\":\"2025-01-12T23:25:57+00:00\",\"dateModified\":\"2025-01-12T23:31:33+00:00\",\"mainEntityOfPage\":{\"@id\":\"https:\/\/fpinop.wpia.uw.edu.pl\/index.php\/2025\/01\/13\/prof-tomasz-widlak-temida-z-charakterem-uwagi-o-koncepcji-i-znaczeniu-cnot-sedziowskich\/\"},\"wordCount\":129,\"publisher\":{\"@id\":\"https:\/\/fpinop.wpia.uw.edu.pl\/#organization\"},\"keywords\":[\"cnoty s\u0119dziowskie\",\"Wid\u0142ak Tomasz\"],\"articleSection\":[\"Seminarium\"],\"inLanguage\":\"pl-PL\"},{\"@type\":\"WebPage\",\"@id\":\"https:\/\/fpinop.wpia.uw.edu.pl\/index.php\/2025\/01\/13\/prof-tomasz-widlak-temida-z-charakterem-uwagi-o-koncepcji-i-znaczeniu-cnot-sedziowskich\/\",\"url\":\"https:\/\/fpinop.wpia.uw.edu.pl\/index.php\/2025\/01\/13\/prof-tomasz-widlak-temida-z-charakterem-uwagi-o-koncepcji-i-znaczeniu-cnot-sedziowskich\/\",\"name\":\"prof. Tomasz Wid\u0142ak - Temida z charakterem \u2013 uwagi o koncepcji i znaczeniu cn\u00f3t s\u0119dziowskich - Katedra Filozofii Prawa i Nauki o Pa\u0144stwie\",\"isPartOf\":{\"@id\":\"https:\/\/fpinop.wpia.uw.edu.pl\/#website\"},\"datePublished\":\"2025-01-12T23:25:57+00:00\",\"dateModified\":\"2025-01-12T23:31:33+00:00\",\"breadcrumb\":{\"@id\":\"https:\/\/fpinop.wpia.uw.edu.pl\/index.php\/2025\/01\/13\/prof-tomasz-widlak-temida-z-charakterem-uwagi-o-koncepcji-i-znaczeniu-cnot-sedziowskich\/#breadcrumb\"},\"inLanguage\":\"pl-PL\",\"potentialAction\":[{\"@type\":\"ReadAction\",\"target\":[\"https:\/\/fpinop.wpia.uw.edu.pl\/index.php\/2025\/01\/13\/prof-tomasz-widlak-temida-z-charakterem-uwagi-o-koncepcji-i-znaczeniu-cnot-sedziowskich\/\"]}]},{\"@type\":\"BreadcrumbList\",\"@id\":\"https:\/\/fpinop.wpia.uw.edu.pl\/index.php\/2025\/01\/13\/prof-tomasz-widlak-temida-z-charakterem-uwagi-o-koncepcji-i-znaczeniu-cnot-sedziowskich\/#breadcrumb\",\"itemListElement\":[{\"@type\":\"ListItem\",\"position\":1,\"name\":\"Strona g\u0142\u00f3wna\",\"item\":\"https:\/\/fpinop.wpia.uw.edu.pl\/\"},{\"@type\":\"ListItem\",\"position\":2,\"name\":\"prof. Tomasz Wid\u0142ak &#8211; Temida z charakterem \u2013 uwagi o koncepcji i znaczeniu cn\u00f3t s\u0119dziowskich\"}]},{\"@type\":\"WebSite\",\"@id\":\"https:\/\/fpinop.wpia.uw.edu.pl\/#website\",\"url\":\"https:\/\/fpinop.wpia.uw.edu.pl\/\",\"name\":\"Katedra Filozofii Prawa i Nauki o Pa\u0144stwie\",\"description\":\"\",\"publisher\":{\"@id\":\"https:\/\/fpinop.wpia.uw.edu.pl\/#organization\"},\"potentialAction\":[{\"@type\":\"SearchAction\",\"target\":{\"@type\":\"EntryPoint\",\"urlTemplate\":\"https:\/\/fpinop.wpia.uw.edu.pl\/?s={search_term_string}\"},\"query-input\":\"required name=search_term_string\"}],\"inLanguage\":\"pl-PL\"},{\"@type\":\"Organization\",\"@id\":\"https:\/\/fpinop.wpia.uw.edu.pl\/#organization\",\"name\":\"Katedra Filozofii Prawa i Nauki o Pa\u0144stwie\",\"url\":\"https:\/\/fpinop.wpia.uw.edu.pl\/\",\"logo\":{\"@type\":\"ImageObject\",\"inLanguage\":\"pl-PL\",\"@id\":\"https:\/\/fpinop.wpia.uw.edu.pl\/#\/schema\/logo\/image\/\",\"url\":\"https:\/\/fpinop.wpia.uw.edu.pl\/wp-content\/uploads\/2025\/05\/cropped-Projekt-bez-nazwy.png\",\"contentUrl\":\"https:\/\/fpinop.wpia.uw.edu.pl\/wp-content\/uploads\/2025\/05\/cropped-Projekt-bez-nazwy.png\",\"width\":450,\"height\":227,\"caption\":\"Katedra Filozofii Prawa i Nauki o Pa\u0144stwie\"},\"image\":{\"@id\":\"https:\/\/fpinop.wpia.uw.edu.pl\/#\/schema\/logo\/image\/\"}},{\"@type\":\"Person\",\"@id\":\"https:\/\/fpinop.wpia.uw.edu.pl\/#\/schema\/person\/2d22612cf75ddb4b492f362c0e342ca7\",\"name\":\"admin\",\"image\":{\"@type\":\"ImageObject\",\"inLanguage\":\"pl-PL\",\"@id\":\"https:\/\/fpinop.wpia.uw.edu.pl\/#\/schema\/person\/image\/\",\"url\":\"https:\/\/secure.gravatar.com\/avatar\/119dc6e2073baacc4c555c4168f9e78577c07de81bf4020b1063e3830d44bb05?s=96&d=mm&r=g\",\"contentUrl\":\"https:\/\/secure.gravatar.com\/avatar\/119dc6e2073baacc4c555c4168f9e78577c07de81bf4020b1063e3830d44bb05?s=96&d=mm&r=g\",\"caption\":\"admin\"},\"sameAs\":[\"https:\/\/fpinop.wpia.uw.edu.pl\"],\"url\":\"https:\/\/fpinop.wpia.uw.edu.pl\/index.php\/author\/admin_s8pq23yb\/\"}]}<\/script>\n<!-- \/ Yoast SEO plugin. -->","yoast_head_json":{"title":"prof. Tomasz Wid\u0142ak - Temida z charakterem \u2013 uwagi o koncepcji i znaczeniu cn\u00f3t s\u0119dziowskich - Katedra Filozofii Prawa i Nauki o Pa\u0144stwie","robots":{"index":"index","follow":"follow","max-snippet":"max-snippet:-1","max-image-preview":"max-image-preview:large","max-video-preview":"max-video-preview:-1"},"canonical":"https:\/\/fpinop.wpia.uw.edu.pl\/index.php\/2025\/01\/13\/prof-tomasz-widlak-temida-z-charakterem-uwagi-o-koncepcji-i-znaczeniu-cnot-sedziowskich\/","og_locale":"pl_PL","og_type":"article","og_title":"prof. Tomasz Wid\u0142ak - Temida z charakterem \u2013 uwagi o koncepcji i znaczeniu cn\u00f3t s\u0119dziowskich - Katedra Filozofii Prawa i Nauki o Pa\u0144stwie","og_description":"Katedra Filozofii Prawa i Nauki o Pa\u0144stwie zaprasza na zebranie naukowe, kt\u00f3re rozpocznie si\u0119 16 stycznia o godz. 16:45 w sali 209 oraz online (link do transmisji spotkania: https:\/\/meet.google.com\/skg-dnrc-uco) Naszym go\u015bciem b\u0119dzie dr. hab Tomasz Wid\u0142ak, prof. UG, kt\u00f3ry wyg\u0142osi referat &#8222;Temida z charakterem \u2013 uwagi o koncepcji i znaczeniu cn\u00f3t s\u0119dziowskich&#8221; Abstrakt wyst\u0105pienia przes\u0142any [&hellip;]","og_url":"https:\/\/fpinop.wpia.uw.edu.pl\/index.php\/2025\/01\/13\/prof-tomasz-widlak-temida-z-charakterem-uwagi-o-koncepcji-i-znaczeniu-cnot-sedziowskich\/","og_site_name":"Katedra Filozofii Prawa i Nauki o Pa\u0144stwie","article_published_time":"2025-01-12T23:25:57+00:00","article_modified_time":"2025-01-12T23:31:33+00:00","author":"admin","twitter_card":"summary_large_image","twitter_misc":{"Napisane przez":"admin","Szacowany czas czytania":"1 minuta"},"schema":{"@context":"https:\/\/schema.org","@graph":[{"@type":"Article","@id":"https:\/\/fpinop.wpia.uw.edu.pl\/index.php\/2025\/01\/13\/prof-tomasz-widlak-temida-z-charakterem-uwagi-o-koncepcji-i-znaczeniu-cnot-sedziowskich\/#article","isPartOf":{"@id":"https:\/\/fpinop.wpia.uw.edu.pl\/index.php\/2025\/01\/13\/prof-tomasz-widlak-temida-z-charakterem-uwagi-o-koncepcji-i-znaczeniu-cnot-sedziowskich\/"},"author":{"name":"admin","@id":"https:\/\/fpinop.wpia.uw.edu.pl\/#\/schema\/person\/2d22612cf75ddb4b492f362c0e342ca7"},"headline":"prof. Tomasz Wid\u0142ak &#8211; Temida z charakterem \u2013 uwagi o koncepcji i znaczeniu cn\u00f3t s\u0119dziowskich","datePublished":"2025-01-12T23:25:57+00:00","dateModified":"2025-01-12T23:31:33+00:00","mainEntityOfPage":{"@id":"https:\/\/fpinop.wpia.uw.edu.pl\/index.php\/2025\/01\/13\/prof-tomasz-widlak-temida-z-charakterem-uwagi-o-koncepcji-i-znaczeniu-cnot-sedziowskich\/"},"wordCount":129,"publisher":{"@id":"https:\/\/fpinop.wpia.uw.edu.pl\/#organization"},"keywords":["cnoty s\u0119dziowskie","Wid\u0142ak Tomasz"],"articleSection":["Seminarium"],"inLanguage":"pl-PL"},{"@type":"WebPage","@id":"https:\/\/fpinop.wpia.uw.edu.pl\/index.php\/2025\/01\/13\/prof-tomasz-widlak-temida-z-charakterem-uwagi-o-koncepcji-i-znaczeniu-cnot-sedziowskich\/","url":"https:\/\/fpinop.wpia.uw.edu.pl\/index.php\/2025\/01\/13\/prof-tomasz-widlak-temida-z-charakterem-uwagi-o-koncepcji-i-znaczeniu-cnot-sedziowskich\/","name":"prof. Tomasz Wid\u0142ak - Temida z charakterem \u2013 uwagi o koncepcji i znaczeniu cn\u00f3t s\u0119dziowskich - Katedra Filozofii Prawa i Nauki o Pa\u0144stwie","isPartOf":{"@id":"https:\/\/fpinop.wpia.uw.edu.pl\/#website"},"datePublished":"2025-01-12T23:25:57+00:00","dateModified":"2025-01-12T23:31:33+00:00","breadcrumb":{"@id":"https:\/\/fpinop.wpia.uw.edu.pl\/index.php\/2025\/01\/13\/prof-tomasz-widlak-temida-z-charakterem-uwagi-o-koncepcji-i-znaczeniu-cnot-sedziowskich\/#breadcrumb"},"inLanguage":"pl-PL","potentialAction":[{"@type":"ReadAction","target":["https:\/\/fpinop.wpia.uw.edu.pl\/index.php\/2025\/01\/13\/prof-tomasz-widlak-temida-z-charakterem-uwagi-o-koncepcji-i-znaczeniu-cnot-sedziowskich\/"]}]},{"@type":"BreadcrumbList","@id":"https:\/\/fpinop.wpia.uw.edu.pl\/index.php\/2025\/01\/13\/prof-tomasz-widlak-temida-z-charakterem-uwagi-o-koncepcji-i-znaczeniu-cnot-sedziowskich\/#breadcrumb","itemListElement":[{"@type":"ListItem","position":1,"name":"Strona g\u0142\u00f3wna","item":"https:\/\/fpinop.wpia.uw.edu.pl\/"},{"@type":"ListItem","position":2,"name":"prof. Tomasz Wid\u0142ak &#8211; Temida z charakterem \u2013 uwagi o koncepcji i znaczeniu cn\u00f3t s\u0119dziowskich"}]},{"@type":"WebSite","@id":"https:\/\/fpinop.wpia.uw.edu.pl\/#website","url":"https:\/\/fpinop.wpia.uw.edu.pl\/","name":"Katedra Filozofii Prawa i Nauki o Pa\u0144stwie","description":"","publisher":{"@id":"https:\/\/fpinop.wpia.uw.edu.pl\/#organization"},"potentialAction":[{"@type":"SearchAction","target":{"@type":"EntryPoint","urlTemplate":"https:\/\/fpinop.wpia.uw.edu.pl\/?s={search_term_string}"},"query-input":"required name=search_term_string"}],"inLanguage":"pl-PL"},{"@type":"Organization","@id":"https:\/\/fpinop.wpia.uw.edu.pl\/#organization","name":"Katedra Filozofii Prawa i Nauki o Pa\u0144stwie","url":"https:\/\/fpinop.wpia.uw.edu.pl\/","logo":{"@type":"ImageObject","inLanguage":"pl-PL","@id":"https:\/\/fpinop.wpia.uw.edu.pl\/#\/schema\/logo\/image\/","url":"https:\/\/fpinop.wpia.uw.edu.pl\/wp-content\/uploads\/2025\/05\/cropped-Projekt-bez-nazwy.png","contentUrl":"https:\/\/fpinop.wpia.uw.edu.pl\/wp-content\/uploads\/2025\/05\/cropped-Projekt-bez-nazwy.png","width":450,"height":227,"caption":"Katedra Filozofii Prawa i Nauki o Pa\u0144stwie"},"image":{"@id":"https:\/\/fpinop.wpia.uw.edu.pl\/#\/schema\/logo\/image\/"}},{"@type":"Person","@id":"https:\/\/fpinop.wpia.uw.edu.pl\/#\/schema\/person\/2d22612cf75ddb4b492f362c0e342ca7","name":"admin","image":{"@type":"ImageObject","inLanguage":"pl-PL","@id":"https:\/\/fpinop.wpia.uw.edu.pl\/#\/schema\/person\/image\/","url":"https:\/\/secure.gravatar.com\/avatar\/119dc6e2073baacc4c555c4168f9e78577c07de81bf4020b1063e3830d44bb05?s=96&d=mm&r=g","contentUrl":"https:\/\/secure.gravatar.com\/avatar\/119dc6e2073baacc4c555c4168f9e78577c07de81bf4020b1063e3830d44bb05?s=96&d=mm&r=g","caption":"admin"},"sameAs":["https:\/\/fpinop.wpia.uw.edu.pl"],"url":"https:\/\/fpinop.wpia.uw.edu.pl\/index.php\/author\/admin_s8pq23yb\/"}]}},"jetpack_featured_media_url":"","_links":{"self":[{"href":"https:\/\/fpinop.wpia.uw.edu.pl\/index.php\/wp-json\/wp\/v2\/posts\/800","targetHints":{"allow":["GET"]}}],"collection":[{"href":"https:\/\/fpinop.wpia.uw.edu.pl\/index.php\/wp-json\/wp\/v2\/posts"}],"about":[{"href":"https:\/\/fpinop.wpia.uw.edu.pl\/index.php\/wp-json\/wp\/v2\/types\/post"}],"author":[{"embeddable":true,"href":"https:\/\/fpinop.wpia.uw.edu.pl\/index.php\/wp-json\/wp\/v2\/users\/1"}],"replies":[{"embeddable":true,"href":"https:\/\/fpinop.wpia.uw.edu.pl\/index.php\/wp-json\/wp\/v2\/comments?post=800"}],"version-history":[{"count":2,"href":"https:\/\/fpinop.wpia.uw.edu.pl\/index.php\/wp-json\/wp\/v2\/posts\/800\/revisions"}],"predecessor-version":[{"id":805,"href":"https:\/\/fpinop.wpia.uw.edu.pl\/index.php\/wp-json\/wp\/v2\/posts\/800\/revisions\/805"}],"wp:attachment":[{"href":"https:\/\/fpinop.wpia.uw.edu.pl\/index.php\/wp-json\/wp\/v2\/media?parent=800"}],"wp:term":[{"taxonomy":"category","embeddable":true,"href":"https:\/\/fpinop.wpia.uw.edu.pl\/index.php\/wp-json\/wp\/v2\/categories?post=800"},{"taxonomy":"post_tag","embeddable":true,"href":"https:\/\/fpinop.wpia.uw.edu.pl\/index.php\/wp-json\/wp\/v2\/tags?post=800"}],"curies":[{"name":"wp","href":"https:\/\/api.w.org\/{rel}","templated":true}]}}